{"id":31815,"date":"2024-06-16T19:04:41","date_gmt":"2024-06-16T22:04:41","guid":{"rendered":"https:\/\/www.oparanews.com.br\/?p=31815"},"modified":"2024-06-16T19:04:41","modified_gmt":"2024-06-16T22:04:41","slug":"cientistas-descobrem-papiro-com-milagre-de-jesus-na-infancia","status":"publish","type":"post","link":"https:\/\/www.oparanews.com.br\/index.php\/2024\/06\/16\/cientistas-descobrem-papiro-com-milagre-de-jesus-na-infancia\/","title":{"rendered":"Cientistas descobrem papiro com milagre de Jesus na inf\u00e2ncia"},"content":{"rendered":"<p>uitos mist\u00e9rios cercam as religi\u00f5es crist\u00e3s e seu in\u00edcio no mundo. Entre estes mist\u00e9rios est\u00e3o os textos ap\u00f3crifos, aqueles n\u00e3o reconhecidos pela igreja cat\u00f3lica.<\/p>\n<p>&nbsp;<\/p>\n<p>Um achado arqueol\u00f3gico extraordin\u00e1rio pode transformar a compreens\u00e3o acad\u00eamica e teol\u00f3gica sobre os primeiros anos de Jesus Cristo. Pesquisadores da Universidade de Humboldt, na Alemanha, revelaram que um papiro aparentemente comum \u00e9, na verdade, um importante documento hist\u00f3rico: a mais antiga vers\u00e3o conhecida do Evangelho de Pseudo-Tom\u00e9, um texto ap\u00f3crifo que detalha epis\u00f3dios da inf\u00e2ncia de Jesus.<\/p>\n<p>&nbsp;<\/p>\n<p>O Evangelho de Pseudo-Tom\u00e9, nomeado assim por sua atribui\u00e7\u00e3o a um Tom\u00e9 diferente do ap\u00f3stolo b\u00edblico, \u00e9 um texto exclu\u00eddo do Novo Testamento que narra eventos pouco conhecidos da juventude de Jesus. Enquanto outros eventos datam do s\u00e9culo XI, este novo fragmento foi datado dos s\u00e9culos IV ou V, estabelecendo-se como a c\u00f3pia mais antiga encontrada at\u00e9 hoje. O papiro, escrito em grego antigo, mede 11 x 5 cent\u00edmetros e acredita-se que tenha origem eg\u00edpcia.<\/p>\n<p>&nbsp;<\/p>\n<p>A descoberta ocorreu na Hamburg Carl von Ossietzky State and University Library. Originalmente, o fragmento foi catalogado como um documento cotidiano, possivelmente uma lista de compras ou correspond\u00eancia privada. No entanto, a presen\u00e7a do nome \u201cJesus\u201d chamou a aten\u00e7\u00e3o de um dos tradutores, que decidiu aprofundar a investiga\u00e7\u00e3o.<\/p>\n<p>&nbsp;<\/p>\n<p>Uma an\u00e1lise detalhada confirmou tratar-se de um fragmento do Evangelho de Pseudo-Tom\u00e9. Este evangelho ap\u00f3crifo foi possivelmente escrito no s\u00e9culo II e o papiro rec\u00e9m-descoberto pode ter sido usado como exerc\u00edcio de escrita em um monast\u00e9rio. O texto descreve o epis\u00f3dio conhecido como \u201cvivifica\u00e7\u00e3o dos pardais\u201d, um milagre realizado por Jesus ainda crian\u00e7a.<\/p>\n<p>&nbsp;<\/p>\n<p><strong>O MILAGRE DOS PARDAIS<\/strong><\/p>\n<p>&nbsp;<\/p>\n<p>O relato no papiro detalha um momento na inf\u00e2ncia de Jesus, aos cinco anos, moldando pardais de argila. Quando repreendido por seu pai, Jos\u00e9, por violar o s\u00e1bado \u2014 dia sagrado de descanso \u2014 Jesus bate palmas e transforma as figuras de barro em p\u00e1ssaros vivos. Este evento, retratado no Evangelho de Pseudo-Tom\u00e9, enfatiza tanto a divindade precoce de Jesus quanto as tens\u00f5es culturais e religiosas que ele enfrentava.<\/p>\n<p>&nbsp;<\/p>\n<p>A autenticidade e o contexto hist\u00f3rico do papiro ainda est\u00e3o sob exame rigoroso. Um artigo acad\u00eamico detalhando as descobertas e an\u00e1lises est\u00e1 em prepara\u00e7\u00e3o e promete lan\u00e7ar mais luz sobre a import\u00e2ncia deste documento.<\/p>\n<p>&nbsp;<\/p>\n<p>O achado poder\u00e1 impulsionar novas investiga\u00e7\u00f5es sobre textos ap\u00f3crifos e sua relev\u00e2ncia para a historiografia crist\u00e3. A possibilidade de descobrir documentos semelhantes poder\u00e1 abrir novas fronteiras na pesquisa sobre a vida de Jesus e o desenvolvimento dos primeiros anos do catolicismo no mundo.<\/p>\n<p>&nbsp;<\/p>\n<p>&nbsp;<\/p>\n<p>&nbsp;<\/p>\n<p><strong>Fonte: DOL<\/strong><\/p>\n<p>&nbsp;<\/p>\n","protected":false},"excerpt":{"rendered":"<p>uitos mist\u00e9rios cercam as religi\u00f5es crist\u00e3s e seu in\u00edcio no mundo. Entre estes mist\u00e9rios est\u00e3o os textos ap\u00f3crifos, aqueles n\u00e3o reconhecidos pela igreja cat\u00f3lica. &nbsp; Um achado arqueol\u00f3gico extraordin\u00e1rio pode transformar a compreens\u00e3o acad\u00eamica e teol\u00f3gica sobre os primeiros anos de Jesus Cristo. Pesquisadores da Universidade de Humboldt, na Alemanha, revelaram que um papiro aparentemente &hellip;<\/p>\n","protected":false},"author":2,"featured_media":31816,"comment_status":"open","ping_status":"open","sticky":false,"template":"","format":"standard","meta":{"_jetpack_memberships_contains_paid_content":false,"footnotes":""},"categories":[5],"tags":[],"class_list":["post-31815","post","type-post","status-publish","format-standard","has-post-thumbnail","hentry","category-brasil-mundo"],"jetpack_featured_media_url":"https:\/\/www.oparanews.com.br\/wp-content\/uploads\/2024\/06\/Papiro-Jesus-730x413-1.webp","jetpack_sharing_enabled":true,"_links":{"self":[{"href":"https:\/\/www.oparanews.com.br\/index.php\/wp-json\/wp\/v2\/posts\/31815","targetHints":{"allow":["GET"]}}],"collection":[{"href":"https:\/\/www.oparanews.com.br\/index.php\/wp-json\/wp\/v2\/posts"}],"about":[{"href":"https:\/\/www.oparanews.com.br\/index.php\/wp-json\/wp\/v2\/types\/post"}],"author":[{"embeddable":true,"href":"https:\/\/www.oparanews.com.br\/index.php\/wp-json\/wp\/v2\/users\/2"}],"replies":[{"embeddable":true,"href":"https:\/\/www.oparanews.com.br\/index.php\/wp-json\/wp\/v2\/comments?post=31815"}],"version-history":[{"count":1,"href":"https:\/\/www.oparanews.com.br\/index.php\/wp-json\/wp\/v2\/posts\/31815\/revisions"}],"predecessor-version":[{"id":31817,"href":"https:\/\/www.oparanews.com.br\/index.php\/wp-json\/wp\/v2\/posts\/31815\/revisions\/31817"}],"wp:featuredmedia":[{"embeddable":true,"href":"https:\/\/www.oparanews.com.br\/index.php\/wp-json\/wp\/v2\/media\/31816"}],"wp:attachment":[{"href":"https:\/\/www.oparanews.com.br\/index.php\/wp-json\/wp\/v2\/media?parent=31815"}],"wp:term":[{"taxonomy":"category","embeddable":true,"href":"https:\/\/www.oparanews.com.br\/index.php\/wp-json\/wp\/v2\/categories?post=31815"},{"taxonomy":"post_tag","embeddable":true,"href":"https:\/\/www.oparanews.com.br\/index.php\/wp-json\/wp\/v2\/tags?post=31815"}],"curies":[{"name":"wp","href":"https:\/\/api.w.org\/{rel}","templated":true}]}}