{"id":31828,"date":"2024-06-18T07:35:10","date_gmt":"2024-06-18T10:35:10","guid":{"rendered":"https:\/\/www.oparanews.com.br\/?p=31828"},"modified":"2024-06-18T07:35:10","modified_gmt":"2024-06-18T10:35:10","slug":"rede-estadual-supera-meta-de-inscricoes-no-exame-nacional-do-ensino-medio","status":"publish","type":"post","link":"https:\/\/www.oparanews.com.br\/index.php\/2024\/06\/18\/rede-estadual-supera-meta-de-inscricoes-no-exame-nacional-do-ensino-medio\/","title":{"rendered":"Rede estadual supera meta de inscri\u00e7\u00f5es no Exame Nacional do Ensino M\u00e9dio"},"content":{"rendered":"<p>A rede estadual de ensino superou a meta de estudantes inscritos para a edi\u00e7\u00e3o 2024 do Exame Nacional do Ensino M\u00e9dio (Enem). A previs\u00e3o inicial era inscrever cerca de 30 mil alunos, mas levantamento interno realizado pela Secretaria de Estado da Educa\u00e7\u00e3o (Seduc) aponta que 30.290 estudantes da rede estadual concluintes do ensino m\u00e9dio em 2024 foram inscritos no exame. Comparado com a edi\u00e7\u00e3o 2023 do Enem, quando a rede estadual teve 22.854 inscritos, houve um aumento de 32,5%, o equivalente a 7.436 inscritos a mais.<\/p>\n<p>&nbsp;<\/p>\n<p>Os n\u00fameros alcan\u00e7ados pela rede estadual s\u00e3o consequ\u00eancia de uma grande mobiliza\u00e7\u00e3o realizada nas escolas por meio dos programas Foca o Enem e Professor Mentor, que, al\u00e9m de incentivar os estudantes, ajudou-os a se inscreverem no exame por meio do apoio dos professores mentores que esclareceram as d\u00favidas dos alunos no ato da inscri\u00e7\u00e3o. Al\u00e9m disso, no dia 03 de junho, \u201cDia D\u201d de mobiliza\u00e7\u00e3o para as inscri\u00e7\u00f5es no exame, os professores do programa Foca o Enem tamb\u00e9m transmitiram um live em seu canal do Youtube com dicas e esclarecimentos para as inscri\u00e7\u00f5es.<\/p>\n<p>&nbsp;<\/p>\n<p><strong>Supera\u00e7\u00e3o<\/strong><\/p>\n<p>&nbsp;<\/p>\n<p>Quando somados os inscritos de toda a rede p\u00fablica \u2013 escolas estaduais e o Instituto Federal de Alagoas (Ifal) -, Alagoas contava, at\u00e9 a \u00faltima sexta-feira (14) com mais de 37 mil inscritos. Os alunos da rede p\u00fablica possuem isen\u00e7\u00e3o da taxa de inscri\u00e7\u00e3o. Al\u00e9m disso, os que tiverem a participa\u00e7\u00e3o comprovada nos dois dias do exame receber\u00e3o um incentivo de R$ 200 no programa P\u00e9-de-Meia, do Governo Federal.<\/p>\n<p>&nbsp;<\/p>\n<p>A gerente especial para Exames do Ensino M\u00e9dio da Seduc, Danielly Ver\u00e7osa, comemora os n\u00fameros alcan\u00e7ados.<\/p>\n<p>&nbsp;<\/p>\n<p>\u201cA mobiliza\u00e7\u00e3o di\u00e1ria nas nossas escolas, realizada por meio de a\u00e7\u00f5es coordenadas pelos Programas Foca o Enem e Professor Mentor, foi intensa e decisiva no aumento dos inscritos da rede estadual. Desenvolvemos a\u00e7\u00f5es em todas as escolas para garantir a mobiliza\u00e7\u00e3o e a inscri\u00e7\u00e3o de mais 30.000 estudantes, o que representa 93% dos concluintes da rede estadual que ter\u00e3o oportunidade de concorrer a uma vaga no ensino superior\u201d, informa.<\/p>\n<p>&nbsp;<\/p>\n<p><strong>Prepara\u00e7\u00e3o<\/strong><\/p>\n<p>&nbsp;<\/p>\n<p>Com o fim das inscri\u00e7\u00f5es \u2013 que permanecem abertas apenas para os candidatos do Rio Grande do Sul &#8211; , Alagoas registrou 106.194 inscritos no Enem, n\u00famero que pode mudar ap\u00f3s a confirma\u00e7\u00e3o da taxa de pagamento para os candidatos que n\u00e3o possuem isen\u00e7\u00e3o na inscri\u00e7\u00e3o. Em todo o Brasil, s\u00e3o mais de cinco milh\u00f5es de inscritos.<\/p>\n<p>&nbsp;<\/p>\n<p>\u201cMais uma vez superamos a meta estabelecida, tivemos excelente resultado nessa etapa, e o trabalho n\u00e3o para: continuamos com aulas di\u00e1rias pelo canal do YouTube @focaoenemal. Al\u00e9m disso, em julho, ap\u00f3s o recesso escolar, vamos intensificar a etapa de prepara\u00e7\u00e3o de forma on-line e presencial para apoiar nossos estudantes a participarem das provas do Enem\u201d adianta Danielly Ver\u00e7osa.<\/p>\n<p>&nbsp;<\/p>\n<p>Tr\u00eas aul\u00f5es presenciais do programa Foca o Enem j\u00e1 est\u00e3o confirmados para as escolas vencedoras na mobiliza\u00e7\u00e3o empreendida pela Seduc para as inscri\u00e7\u00f5es. S\u00e3o elas: Escola Estadual Guedes Miranda, de Porto Calvo; Escola Estadual Muniz Falc\u00e3o, de Cacimbinhas e Escola Estadual Padre Ant\u00f4nio Duarte, de Olho d\u2019\u00c1guas das Flores. Os aul\u00f5es acontecer\u00e3o no pr\u00f3ximo m\u00eas.<\/p>\n<p>&nbsp;<\/p>\n<p>&nbsp;<\/p>\n<p>&nbsp;<\/p>\n<p><strong>por Camylle Vit\u00f3ria (sob supervis\u00e3o) \/ Ascom Seduc<\/strong><\/p>\n<p>&nbsp;<\/p>\n","protected":false},"excerpt":{"rendered":"<p>A rede estadual de ensino superou a meta de estudantes inscritos para a edi\u00e7\u00e3o 2024 do Exame Nacional do Ensino M\u00e9dio (Enem). A previs\u00e3o inicial era inscrever cerca de 30 mil alunos, mas levantamento interno realizado pela Secretaria de Estado da Educa\u00e7\u00e3o (Seduc) aponta que 30.290 estudantes da rede estadual concluintes do ensino m\u00e9dio em &hellip;<\/p>\n","protected":false},"author":2,"featured_media":31829,"comment_status":"open","ping_status":"open","sticky":false,"template":"","format":"standard","meta":{"_jetpack_memberships_contains_paid_content":false,"footnotes":""},"categories":[4],"tags":[],"class_list":["post-31828","post","type-post","status-publish","format-standard","has-post-thumbnail","hentry","category-alagoas"],"jetpack_featured_media_url":"https:\/\/www.oparanews.com.br\/wp-content\/uploads\/2024\/06\/rede-estadual-supera-meta-de-inscricoes-do-exame-nacional-do-ensino-medio-scaled.jpg","jetpack_sharing_enabled":true,"_links":{"self":[{"href":"https:\/\/www.oparanews.com.br\/index.php\/wp-json\/wp\/v2\/posts\/31828","targetHints":{"allow":["GET"]}}],"collection":[{"href":"https:\/\/www.oparanews.com.br\/index.php\/wp-json\/wp\/v2\/posts"}],"about":[{"href":"https:\/\/www.oparanews.com.br\/index.php\/wp-json\/wp\/v2\/types\/post"}],"author":[{"embeddable":true,"href":"https:\/\/www.oparanews.com.br\/index.php\/wp-json\/wp\/v2\/users\/2"}],"replies":[{"embeddable":true,"href":"https:\/\/www.oparanews.com.br\/index.php\/wp-json\/wp\/v2\/comments?post=31828"}],"version-history":[{"count":1,"href":"https:\/\/www.oparanews.com.br\/index.php\/wp-json\/wp\/v2\/posts\/31828\/revisions"}],"predecessor-version":[{"id":31830,"href":"https:\/\/www.oparanews.com.br\/index.php\/wp-json\/wp\/v2\/posts\/31828\/revisions\/31830"}],"wp:featuredmedia":[{"embeddable":true,"href":"https:\/\/www.oparanews.com.br\/index.php\/wp-json\/wp\/v2\/media\/31829"}],"wp:attachment":[{"href":"https:\/\/www.oparanews.com.br\/index.php\/wp-json\/wp\/v2\/media?parent=31828"}],"wp:term":[{"taxonomy":"category","embeddable":true,"href":"https:\/\/www.oparanews.com.br\/index.php\/wp-json\/wp\/v2\/categories?post=31828"},{"taxonomy":"post_tag","embeddable":true,"href":"https:\/\/www.oparanews.com.br\/index.php\/wp-json\/wp\/v2\/tags?post=31828"}],"curies":[{"name":"wp","href":"https:\/\/api.w.org\/{rel}","templated":true}]}}