{"id":31941,"date":"2024-07-02T20:59:37","date_gmt":"2024-07-02T23:59:37","guid":{"rendered":"https:\/\/www.oparanews.com.br\/?p=31941"},"modified":"2024-07-02T21:11:21","modified_gmt":"2024-07-03T00:11:21","slug":"o-iml-esclareceu-que-os-familiares-devem-procurar-a-unidade-para-a-liberacao-dos-cadaveres-caso-ninguem-se-apresente-no-prazo-de-30-dias-o-orgao-podera-sepulta-los-como-corpos-nao-reclamados","status":"publish","type":"post","link":"https:\/\/www.oparanews.com.br\/index.php\/2024\/07\/02\/o-iml-esclareceu-que-os-familiares-devem-procurar-a-unidade-para-a-liberacao-dos-cadaveres-caso-ninguem-se-apresente-no-prazo-de-30-dias-o-orgao-podera-sepulta-los-como-corpos-nao-reclamados\/","title":{"rendered":"IML de Arapiraca busca parentes de corpos recolhidos no Agreste de Alagoas"},"content":{"rendered":"<p>Nesta ter\u00e7a-feira (2), o Instituto M\u00e9dico Legal (IML) de Arapiraca informou que est\u00e1 \u00e0 procura dos familiares de duas v\u00edtimas de arma branca. Os corpos do sexo masculino foram recolhidos nas cidades de Campo Alegre e Cra\u00edbas.<\/p>\n<p>&nbsp;<\/p>\n<p>De acordo com o IML, os corpos foram identificados atrav\u00e9s de exames necropapilosc\u00f3picos, que foram realizados pelo papiloscopista Murilo G\u00f3es, do Instituto de Identifica\u00e7\u00e3o de Alagoas.<\/p>\n<p>&nbsp;<\/p>\n<p>A primeira v\u00edtima foi identificada como Francisco Ferreira, filho de Luiz Francisco Ferreira e Gersina Quit\u00e9ria Ferreira, de 50 anos, nascido em 24\/03\/1974, em Palmeira dos \u00cdndios. Seu corpo foi recolhido pela equipe do IML na Rua S\u00e3o Pedro, no centro de Cra\u00edbas.<\/p>\n<p>&nbsp;<\/p>\n<p>O outro corpo foi recolhido no Distrito Luzi\u00e1polis, na Zona Rural de Campo Alegre. Ele foi identificado como Joatan Moreira da Silva, de 57 anos, filho de Josefa Moreira da Silva, nascido no munic\u00edpio de Flexeiras, em 07\/10\/1966.<\/p>\n<p>&nbsp;<\/p>\n<p>O IML esclareceu que os familiares devem procurar a unidade para a libera\u00e7\u00e3o dos cad\u00e1veres. Caso ningu\u00e9m se apresente no prazo de 30 dias, o \u00f3rg\u00e3o poder\u00e1 sepult\u00e1-los como corpos n\u00e3o reclamados.<\/p>\n<p>&nbsp;<\/p>\n<p>&nbsp;<\/p>\n<p>&nbsp;<\/p>\n<p>&nbsp;<\/p>\n<p><strong>Fonte: Gazetaweb<\/strong><\/p>\n<p>&nbsp;<\/p>\n","protected":false},"excerpt":{"rendered":"<p>Nesta ter\u00e7a-feira (2), o Instituto M\u00e9dico Legal (IML) de Arapiraca informou que est\u00e1 \u00e0 procura dos familiares de duas v\u00edtimas de arma branca. Os corpos do sexo masculino foram recolhidos nas cidades de Campo Alegre e Cra\u00edbas. &nbsp; De acordo com o IML, os corpos foram identificados atrav\u00e9s de exames necropapilosc\u00f3picos, que foram realizados pelo &hellip;<\/p>\n","protected":false},"author":2,"featured_media":31942,"comment_status":"open","ping_status":"open","sticky":false,"template":"","format":"standard","meta":{"_jetpack_memberships_contains_paid_content":false,"footnotes":""},"categories":[4],"tags":[],"class_list":["post-31941","post","type-post","status-publish","format-standard","has-post-thumbnail","hentry","category-alagoas"],"jetpack_featured_media_url":"https:\/\/www.oparanews.com.br\/wp-content\/uploads\/2024\/07\/IML-de-Arapiraca-busca-parentes-de-corpos-recolhid-00770137-e649142851e0844593395caeae96f55c-7.webp","jetpack_sharing_enabled":true,"_links":{"self":[{"href":"https:\/\/www.oparanews.com.br\/index.php\/wp-json\/wp\/v2\/posts\/31941","targetHints":{"allow":["GET"]}}],"collection":[{"href":"https:\/\/www.oparanews.com.br\/index.php\/wp-json\/wp\/v2\/posts"}],"about":[{"href":"https:\/\/www.oparanews.com.br\/index.php\/wp-json\/wp\/v2\/types\/post"}],"author":[{"embeddable":true,"href":"https:\/\/www.oparanews.com.br\/index.php\/wp-json\/wp\/v2\/users\/2"}],"replies":[{"embeddable":true,"href":"https:\/\/www.oparanews.com.br\/index.php\/wp-json\/wp\/v2\/comments?post=31941"}],"version-history":[{"count":2,"href":"https:\/\/www.oparanews.com.br\/index.php\/wp-json\/wp\/v2\/posts\/31941\/revisions"}],"predecessor-version":[{"id":31956,"href":"https:\/\/www.oparanews.com.br\/index.php\/wp-json\/wp\/v2\/posts\/31941\/revisions\/31956"}],"wp:featuredmedia":[{"embeddable":true,"href":"https:\/\/www.oparanews.com.br\/index.php\/wp-json\/wp\/v2\/media\/31942"}],"wp:attachment":[{"href":"https:\/\/www.oparanews.com.br\/index.php\/wp-json\/wp\/v2\/media?parent=31941"}],"wp:term":[{"taxonomy":"category","embeddable":true,"href":"https:\/\/www.oparanews.com.br\/index.php\/wp-json\/wp\/v2\/categories?post=31941"},{"taxonomy":"post_tag","embeddable":true,"href":"https:\/\/www.oparanews.com.br\/index.php\/wp-json\/wp\/v2\/tags?post=31941"}],"curies":[{"name":"wp","href":"https:\/\/api.w.org\/{rel}","templated":true}]}}