{"id":32130,"date":"2024-07-29T22:47:29","date_gmt":"2024-07-30T01:47:29","guid":{"rendered":"https:\/\/www.oparanews.com.br\/?p=32130"},"modified":"2024-07-29T22:47:29","modified_gmt":"2024-07-30T01:47:29","slug":"concurso-da-prefeitura-de-rio-largo-al-publicado-edital-com-salarios-de-ate-r-132-mil","status":"publish","type":"post","link":"https:\/\/www.oparanews.com.br\/index.php\/2024\/07\/29\/concurso-da-prefeitura-de-rio-largo-al-publicado-edital-com-salarios-de-ate-r-132-mil\/","title":{"rendered":"Concurso da Prefeitura de Rio Largo, AL: publicado edital com sal\u00e1rios de at\u00e9 R$ 13,2 mil"},"content":{"rendered":"<p>A Prefeitura de\u00a0Rio Largo, na regi\u00e3o metropolitana de Macei\u00f3, publicou nesta segunda-feira (29) o edital do concurso municipal com sal\u00e1rios de at\u00e9 R$ 13.200. As oportunidades s\u00e3o para cargos de n\u00edvel fundamental, m\u00e9dio, t\u00e9cnico e superior.<\/p>\n<p>&nbsp;<\/p>\n<p>O certame \u00e9 organizado pelo Instituto Indec. As inscri\u00e7\u00f5es acontecem entre os dias 30 de julho e 29 de agosto. A previs\u00e3o \u00e9 de que as provas sejam aplicadas no dia 22 de setembro.<\/p>\n<p><a href=\"https:\/\/uce835ecd7eb75183860a3176703.dl.dropboxusercontent.com\/cd\/0\/inline2\/CXrX2ub3ypgv1kJCAfIWgQx1YD_bK2qc2m7F8x_SzJWxifAJ8_oZC5few9cZtbQsHRg_G3e1cYmwk3RaO2yN1W94ExZ0HA0pW8cFBmwkHFlwgAFxWLLRCMUQezdi57CrxpDylEIgNbpgJ7smVfLdLeNCmEPQ_CkG1IGZuQLOH6-99kriVAgL5UCG0DU--UK2kt8k3X5s0hyXLRL6_y9Qi0mQvt2QbedArfh9aJzxYw4lXxRPmZN94_IR248ocxyf4CYoW6gBsv2unLNT74SOiKypPHyon_yHBwc6-nWKvWUzU2CnwrWNvFU7qWF3aLk9cXWI5sXQrM_ajuRxPwk3UlH00-vMoosq4ME2NnpA3xwcot5fKxFcWKbtpZ7HMKLklKo\/file\"><strong>VEJA O EDITAL COMPLETO<\/strong><\/a><br \/>\nDistribui\u00e7\u00e3o de vagas e sal\u00e1rios<\/p>\n<p><strong>Ensino fundamental completo:<\/strong><\/p>\n<p>&nbsp;<\/p>\n<p>monitor de transporte escolar : R$ 1.320,00<br \/>\nvigia: R$ 1.412,00<\/p>\n<p><strong>Ensino m\u00e9dio completo:<\/strong><br \/>\n&nbsp;<\/p>\n<p>agente comunit\u00e1rio de sa\u00fade: R$ 2.824,00<br \/>\nagente de endemias: R$ 2.824,00<br \/>\nagente de tr\u00e2nsito : R$ 1.887,00<br \/>\nauxiliar de sa\u00fade bucal : R$ 1.320,00<br \/>\nfiscal ambiental: R$ 1.320,00<br \/>\nguarda municipal: R$ 1.887,00<br \/>\nint\u00e9rprete de libras: R$ 1.320,00<br \/>\nmotorista: R$ 2.000,00<br \/>\nsecret\u00e1rio escolar: s R$ 1.320,00<br \/>\nt\u00e9cnico de enfermagem: s R$ 1.320,00<\/p>\n<p><strong>Ensino superior completo<\/strong><\/p>\n<p>&nbsp;<\/p>\n<p>assistente social : R$ 2.975,83<br \/>\ncontador: R$ 5.951,66<br \/>\ncontrolador interno : R$ 5.951,66<br \/>\nenfermeiro : R$ 2.975,83<br \/>\nengenheiro agr\u00f4nomo : R$ 2.975,83<br \/>\nengenheiro ambiental : R$ 2.975,83<br \/>\nsanitarista : R$ 2.975,83<br \/>\nengenheiro civil : R$ 2.975,83<br \/>\nfiscal de obras : R$ 2.975,83<br \/>\nfiscal de tributos :R$ 2.975,83<br \/>\nfonoaudi\u00f3logo : R$ 2.975,83<br \/>\nm\u00e9dico : R$ 6.600,00<br \/>\nm\u00e9dico PSF: R$ 13.200,00<br \/>\npedagogo : R$ 2.975,83<br \/>\nprocurador municipal: R$ 8.927,42<br \/>\nprofessor (6\u00ba ao 9\u00ba ano) de artes: R$ 2.232,41<br \/>\n60 professor (6\u00ba ao 9\u00ba ano) de ci\u00eancias: R$ 2.232,41<br \/>\nprofessor (6\u00ba ao 9\u00ba ano) de educa\u00e7\u00e3o religiosa: R$ 2.232,41<br \/>\nprofessor (6\u00ba ao 9\u00ba ano) de geografia: R$ 2.232,41<br \/>\nprofessor (6\u00ba ao 9\u00ba ano) de hist\u00f3ria: R$ 2.232,41<br \/>\nprofessor (6\u00ba ao 9\u00ba ano) de ingl\u00eas: R$ 2.232,41<br \/>\nprofessor (6\u00ba ao 9\u00ba ano) de l\u00edngua portuguesa: R$ 2.232,41<br \/>\nprofessor (6\u00ba ao 9\u00ba ano) de matem\u00e1tica: R$ 2.232,41<br \/>\nprofessor de educa\u00e7\u00e3o infantil: R$ 1.993,20<br \/>\nprofessor de jovens e adultos: R$ 1.993,20<br \/>\nprofessor do 1\u00b0 ao 5\u00b0 ano: R$ 1.993,20<br \/>\nprofessor mediador: R$ 1.993,20<br \/>\npsic\u00f3logo: R$ 2.975,83<br \/>\npsic\u00f3logo da inf\u00e2ncia e adolesc\u00eancia: R$ 5.250,00<br \/>\npsiquiatra: R$ 2.975,83<br \/>\nterapeuta ocupacional: R$ 2.975,83<\/p>\n<p><strong>Cronograma do concurso<\/strong><\/p>\n<p>Inscri\u00e7\u00f5es:\u00a030\/07 a 29\/08\/2024<br \/>\nSolicita\u00e7\u00e3o de inscri\u00e7\u00e3o com isen\u00e7\u00e3o da taxa:\u00a030\/07 a 02\/08\/2024<br \/>\n\u00daltimo dia para pagamento do boleto:\u00a030\/08\/2024<br \/>\nDivulga\u00e7\u00e3o da consulta aos locais de provas:\u00a017\/09\/2024<br \/>\nAplica\u00e7\u00e3o das provas objetivas:\u00a022\/9\/2024<br \/>\nDivulga\u00e7\u00e3o dos gabaritos oficiais:\u00a024\/09\/2024<br \/>\nAplica\u00e7\u00e3o das provas pr\u00e1ticas:\u00a003\/11\/2024<br \/>\nResultado final do concurso:\u00a025\/11\/2024<\/p>\n<p>&nbsp;<\/p>\n<p>&nbsp;<\/p>\n<p><strong>Fonte: G1\/AL<\/strong><\/p>\n<p>&nbsp;<\/p>\n","protected":false},"excerpt":{"rendered":"<p>A Prefeitura de\u00a0Rio Largo, na regi\u00e3o metropolitana de Macei\u00f3, publicou nesta segunda-feira (29) o edital do concurso municipal com sal\u00e1rios de at\u00e9 R$ 13.200. As oportunidades s\u00e3o para cargos de n\u00edvel fundamental, m\u00e9dio, t\u00e9cnico e superior. &nbsp; O certame \u00e9 organizado pelo Instituto Indec. As inscri\u00e7\u00f5es acontecem entre os dias 30 de julho e 29 &hellip;<\/p>\n","protected":false},"author":2,"featured_media":30217,"comment_status":"open","ping_status":"open","sticky":false,"template":"","format":"standard","meta":{"_jetpack_memberships_contains_paid_content":false,"footnotes":""},"categories":[4,1],"tags":[],"class_list":["post-32130","post","type-post","status-publish","format-standard","has-post-thumbnail","hentry","category-alagoas","category-destaque"],"jetpack_featured_media_url":"https:\/\/www.oparanews.com.br\/wp-content\/uploads\/2023\/12\/concurso.webp","jetpack_sharing_enabled":true,"_links":{"self":[{"href":"https:\/\/www.oparanews.com.br\/index.php\/wp-json\/wp\/v2\/posts\/32130","targetHints":{"allow":["GET"]}}],"collection":[{"href":"https:\/\/www.oparanews.com.br\/index.php\/wp-json\/wp\/v2\/posts"}],"about":[{"href":"https:\/\/www.oparanews.com.br\/index.php\/wp-json\/wp\/v2\/types\/post"}],"author":[{"embeddable":true,"href":"https:\/\/www.oparanews.com.br\/index.php\/wp-json\/wp\/v2\/users\/2"}],"replies":[{"embeddable":true,"href":"https:\/\/www.oparanews.com.br\/index.php\/wp-json\/wp\/v2\/comments?post=32130"}],"version-history":[{"count":1,"href":"https:\/\/www.oparanews.com.br\/index.php\/wp-json\/wp\/v2\/posts\/32130\/revisions"}],"predecessor-version":[{"id":32131,"href":"https:\/\/www.oparanews.com.br\/index.php\/wp-json\/wp\/v2\/posts\/32130\/revisions\/32131"}],"wp:featuredmedia":[{"embeddable":true,"href":"https:\/\/www.oparanews.com.br\/index.php\/wp-json\/wp\/v2\/media\/30217"}],"wp:attachment":[{"href":"https:\/\/www.oparanews.com.br\/index.php\/wp-json\/wp\/v2\/media?parent=32130"}],"wp:term":[{"taxonomy":"category","embeddable":true,"href":"https:\/\/www.oparanews.com.br\/index.php\/wp-json\/wp\/v2\/categories?post=32130"},{"taxonomy":"post_tag","embeddable":true,"href":"https:\/\/www.oparanews.com.br\/index.php\/wp-json\/wp\/v2\/tags?post=32130"}],"curies":[{"name":"wp","href":"https:\/\/api.w.org\/{rel}","templated":true}]}}