{"id":32245,"date":"2024-08-13T12:24:23","date_gmt":"2024-08-13T15:24:23","guid":{"rendered":"https:\/\/www.oparanews.com.br\/?p=32245"},"modified":"2024-08-13T12:24:23","modified_gmt":"2024-08-13T15:24:23","slug":"homem-e-preso-suspeito-de-estuprar-menina-de-7-anos-em-terreno-baldio-em-maceio","status":"publish","type":"post","link":"https:\/\/www.oparanews.com.br\/index.php\/2024\/08\/13\/homem-e-preso-suspeito-de-estuprar-menina-de-7-anos-em-terreno-baldio-em-maceio\/","title":{"rendered":"Homem \u00e9 preso suspeito de estuprar menina de 7 anos em terreno baldio em Macei\u00f3"},"content":{"rendered":"<p>Um homem de 27 anos foi preso na tarde desta segunda-feira (12) suspeito de cometer estupro de vulner\u00e1vel contra uma menina de 7 anos, neta de sua companheira. Testemunhas disseram que encontraram o homem e a v\u00edtima sem roupas em um terreno baldio na Cidade Universit\u00e1ria, em Macei\u00f3. Ele negou o crime.<\/p>\n<p>&nbsp;<\/p>\n<p>Funcion\u00e1rios de uma empresa que fica perto do terreno baldio disseram que estavam fechando o port\u00e3o quando perceberam a movimenta\u00e7\u00e3o estranha perto de um muro. Eles disseram que o homem estava mantendo rela\u00e7\u00f5es sexuais com a crian\u00e7a.<\/p>\n<p>&nbsp;<\/p>\n<p>Os trabalhadores conseguiram conter o homem, que estaria sem roupas, e acionaram a pol\u00edcia. Houve uma tentativa de linchamento. O homem foi levado para a Central de Flagrantes. O Conselho Tutelar foi acionado e conseguiu localizar um tio da crian\u00e7a. Ela foi encaminhada para o Hospital do Mulher onde foi atendida pela Rede de Atendimento \u00e0s V\u00edtimas de Viol\u00eancia.<\/p>\n<p>&nbsp;<\/p>\n<p>Ao ser questionada, a menina disse que j\u00e1 vinha sofrendo abusos h\u00e1 algum tempo e que era amea\u00e7ada para n\u00e3o contar nada para a av\u00f3, com quem vive desde que a m\u00e3e a abandonou. Em depoimento, o homem disse que todos moram na cidade de Murici e que come\u00e7ou a conviver com a av\u00f3 da v\u00edtima h\u00e1 cinco anos. A filha dele, de 10 anos, tamb\u00e9m mora na mesma casa.<\/p>\n<p>&nbsp;<\/p>\n<p>O suspeito contou ainda que frequentemente vem para Macei\u00f3 com a v\u00edtima para pedir dinheiro nas ruas, ficando hospedado na casa de uma comadre. Ele negou o crime e relatou que no momento em que foi flagrado, estava na companhia da v\u00edtima no terreno porque ela tinha pedido para fazer necessidades no local e ajudava a vestir a roupa dela quando os funcion\u00e1rios da empresa chegaram.<\/p>\n<p>&nbsp;<\/p>\n<p>Um inqu\u00e9rito policial foi instaurado pela Delegacia de Combate aos Crimes Contra a Crian\u00e7a e Adolescente (DCCCA) e ser\u00e1 conduzido pela Delegada Talita Aquino.<\/p>\n<p>&nbsp;<\/p>\n<p>&nbsp;<\/p>\n<p>&nbsp;<\/p>\n<p><strong>Fonte: G1\/AL<\/strong><\/p>\n<p>&nbsp;<\/p>\n","protected":false},"excerpt":{"rendered":"<p>Um homem de 27 anos foi preso na tarde desta segunda-feira (12) suspeito de cometer estupro de vulner\u00e1vel contra uma menina de 7 anos, neta de sua companheira. Testemunhas disseram que encontraram o homem e a v\u00edtima sem roupas em um terreno baldio na Cidade Universit\u00e1ria, em Macei\u00f3. Ele negou o crime. &nbsp; Funcion\u00e1rios de &hellip;<\/p>\n","protected":false},"author":2,"featured_media":30494,"comment_status":"open","ping_status":"open","sticky":false,"template":"","format":"standard","meta":{"_jetpack_memberships_contains_paid_content":false,"footnotes":""},"categories":[4,1],"tags":[],"class_list":["post-32245","post","type-post","status-publish","format-standard","has-post-thumbnail","hentry","category-alagoas","category-destaque"],"jetpack_featured_media_url":"https:\/\/www.oparanews.com.br\/wp-content\/uploads\/2024\/01\/Sem-titulo-3.png","jetpack_sharing_enabled":true,"_links":{"self":[{"href":"https:\/\/www.oparanews.com.br\/index.php\/wp-json\/wp\/v2\/posts\/32245","targetHints":{"allow":["GET"]}}],"collection":[{"href":"https:\/\/www.oparanews.com.br\/index.php\/wp-json\/wp\/v2\/posts"}],"about":[{"href":"https:\/\/www.oparanews.com.br\/index.php\/wp-json\/wp\/v2\/types\/post"}],"author":[{"embeddable":true,"href":"https:\/\/www.oparanews.com.br\/index.php\/wp-json\/wp\/v2\/users\/2"}],"replies":[{"embeddable":true,"href":"https:\/\/www.oparanews.com.br\/index.php\/wp-json\/wp\/v2\/comments?post=32245"}],"version-history":[{"count":1,"href":"https:\/\/www.oparanews.com.br\/index.php\/wp-json\/wp\/v2\/posts\/32245\/revisions"}],"predecessor-version":[{"id":32246,"href":"https:\/\/www.oparanews.com.br\/index.php\/wp-json\/wp\/v2\/posts\/32245\/revisions\/32246"}],"wp:featuredmedia":[{"embeddable":true,"href":"https:\/\/www.oparanews.com.br\/index.php\/wp-json\/wp\/v2\/media\/30494"}],"wp:attachment":[{"href":"https:\/\/www.oparanews.com.br\/index.php\/wp-json\/wp\/v2\/media?parent=32245"}],"wp:term":[{"taxonomy":"category","embeddable":true,"href":"https:\/\/www.oparanews.com.br\/index.php\/wp-json\/wp\/v2\/categories?post=32245"},{"taxonomy":"post_tag","embeddable":true,"href":"https:\/\/www.oparanews.com.br\/index.php\/wp-json\/wp\/v2\/tags?post=32245"}],"curies":[{"name":"wp","href":"https:\/\/api.w.org\/{rel}","templated":true}]}}