{"id":32274,"date":"2024-08-14T23:10:01","date_gmt":"2024-08-15T02:10:01","guid":{"rendered":"https:\/\/www.oparanews.com.br\/?p=32274"},"modified":"2024-08-14T23:10:22","modified_gmt":"2024-08-15T02:10:22","slug":"governo-ronaldo-lopes-alcanca-a-maior-nota-do-ideb-da-historia-de-penedo","status":"publish","type":"post","link":"https:\/\/www.oparanews.com.br\/index.php\/2024\/08\/14\/governo-ronaldo-lopes-alcanca-a-maior-nota-do-ideb-da-historia-de-penedo\/","title":{"rendered":"Governo Ronaldo Lopes alcan\u00e7a a maior nota do IDEB da hist\u00f3ria de Penedo"},"content":{"rendered":"<p>Os investimentos em educa\u00e7\u00e3o nas escolas da Prefeitura de Penedo promovidos durante o governo Ronaldo Lopes j\u00e1 t\u00eam resultados positivos comprovados.<\/p>\n<p>&nbsp;<\/p>\n<p>De acordo com dados divulgados agora h\u00e1 pouco, o \u00cdndice de Desenvolvimento da Educa\u00e7\u00e3o B\u00e1sica (IDEB) alcan\u00e7ou 6,3 nas s\u00e9ries iniciais, um ponto percentual acima da meta estipulada pelo Minist\u00e9rio da Educa\u00e7\u00e3o, o maior avan\u00e7o promovido na rede p\u00fablica de ensino penedense, desde que se iniciou a pesquisa.<\/p>\n<p><a href=\"http:\/\/www.oparanews.com.br\/wp-content\/uploads\/2024\/08\/9a0773ee-450a-4a59-bc99-4e83b181eed2.jpeg\"><img loading=\"lazy\" decoding=\"async\" class=\"aligncenter size-full wp-image-32276\" src=\"http:\/\/www.oparanews.com.br\/wp-content\/uploads\/2024\/08\/9a0773ee-450a-4a59-bc99-4e83b181eed2.jpeg\" alt=\"\" width=\"697\" height=\"465\" srcset=\"https:\/\/www.oparanews.com.br\/wp-content\/uploads\/2024\/08\/9a0773ee-450a-4a59-bc99-4e83b181eed2.jpeg 697w, https:\/\/www.oparanews.com.br\/wp-content\/uploads\/2024\/08\/9a0773ee-450a-4a59-bc99-4e83b181eed2-300x200.jpeg 300w\" sizes=\"auto, (max-width: 697px) 100vw, 697px\" \/><\/a><\/p>\n<p>A avalia\u00e7\u00e3o da qualidade do ensino da educa\u00e7\u00e3o b\u00e1sica come\u00e7ou em 2005 e \u00e9 feita a cada dois anos, em todo o territ\u00f3rio nacional, por meio de provas de Matem\u00e1tica e L\u00edngua Portuguesa para estudantes do 5\u00ba e do 9\u00ba ano do ensino fundamental de escolas p\u00fablicas e privadas.<\/p>\n<p>&nbsp;<\/p>\n<p>Al\u00e9m do recorde nas s\u00e9ries iniciais, o resultado do IDEB 2023 comprova o excelente trabalho desenvolvido na Secretaria Municipal de Educa\u00e7\u00e3o (SEMED).<\/p>\n<p>&nbsp;<\/p>\n<p><strong>Avan\u00e7os na Educa\u00e7\u00e3o<\/strong><\/p>\n<p>&nbsp;<\/p>\n<p>Durante a gest\u00e3o de Ronaldo Lopes, Penedo alcan\u00e7ou um marco hist\u00f3rico com a implanta\u00e7\u00e3o de escolas em tempo integral. Desde a \u00faltima avalia\u00e7\u00e3o do IDEB, Penedo tinha apenas duas escolas em tempo integral e agora conta com seis oferecendo essa modalidade de ensino. Al\u00e9m disso, a administra\u00e7\u00e3o investiu significativamente em tecnologia e capacita\u00e7\u00e3o, adquirindo Chromebooks para estudantes e professores, por meio de uma parceria in\u00e9dita com o Google for Education. Professores e servidores foram capacitados para aprimorar o uso de ferramentas digitais, integrando a tecnologia ao processo de ensino e aprendizagem.<\/p>\n<p>&nbsp;<\/p>\n<p><a href=\"http:\/\/www.oparanews.com.br\/wp-content\/uploads\/2024\/08\/0ef4fe08-f89a-4910-b3a0-f505445c31eb.jpeg\"><img loading=\"lazy\" decoding=\"async\" class=\"alignleft size-thumbnail wp-image-32275\" src=\"http:\/\/www.oparanews.com.br\/wp-content\/uploads\/2024\/08\/0ef4fe08-f89a-4910-b3a0-f505445c31eb-150x150.jpeg\" alt=\"\" width=\"150\" height=\"150\" \/><\/a><\/p>\n<p>&nbsp;<\/p>\n<p>&nbsp;<\/p>\n<p>&nbsp;<\/p>\n<p>&nbsp;<\/p>\n<p>&nbsp;<\/p>\n<p>&nbsp;<\/p>\n<p>&nbsp;<\/p>\n<p>&nbsp;<\/p>\n<p><strong>por Fellype Barreto<\/strong><\/p>\n<p>&nbsp;<\/p>\n","protected":false},"excerpt":{"rendered":"<p>Os investimentos em educa\u00e7\u00e3o nas escolas da Prefeitura de Penedo promovidos durante o governo Ronaldo Lopes j\u00e1 t\u00eam resultados positivos comprovados. &nbsp; De acordo com dados divulgados agora h\u00e1 pouco, o \u00cdndice de Desenvolvimento da Educa\u00e7\u00e3o B\u00e1sica (IDEB) alcan\u00e7ou 6,3 nas s\u00e9ries iniciais, um ponto percentual acima da meta estipulada pelo Minist\u00e9rio da Educa\u00e7\u00e3o, o &hellip;<\/p>\n","protected":false},"author":2,"featured_media":29578,"comment_status":"open","ping_status":"open","sticky":false,"template":"","format":"standard","meta":{"_jetpack_memberships_contains_paid_content":false,"footnotes":""},"categories":[1],"tags":[],"class_list":["post-32274","post","type-post","status-publish","format-standard","has-post-thumbnail","hentry","category-destaque"],"jetpack_featured_media_url":"https:\/\/www.oparanews.com.br\/wp-content\/uploads\/2023\/10\/educacao-tempo-integral-ronaldo-lopes-1068x980-1333.jpg","jetpack_sharing_enabled":true,"_links":{"self":[{"href":"https:\/\/www.oparanews.com.br\/index.php\/wp-json\/wp\/v2\/posts\/32274","targetHints":{"allow":["GET"]}}],"collection":[{"href":"https:\/\/www.oparanews.com.br\/index.php\/wp-json\/wp\/v2\/posts"}],"about":[{"href":"https:\/\/www.oparanews.com.br\/index.php\/wp-json\/wp\/v2\/types\/post"}],"author":[{"embeddable":true,"href":"https:\/\/www.oparanews.com.br\/index.php\/wp-json\/wp\/v2\/users\/2"}],"replies":[{"embeddable":true,"href":"https:\/\/www.oparanews.com.br\/index.php\/wp-json\/wp\/v2\/comments?post=32274"}],"version-history":[{"count":2,"href":"https:\/\/www.oparanews.com.br\/index.php\/wp-json\/wp\/v2\/posts\/32274\/revisions"}],"predecessor-version":[{"id":32279,"href":"https:\/\/www.oparanews.com.br\/index.php\/wp-json\/wp\/v2\/posts\/32274\/revisions\/32279"}],"wp:featuredmedia":[{"embeddable":true,"href":"https:\/\/www.oparanews.com.br\/index.php\/wp-json\/wp\/v2\/media\/29578"}],"wp:attachment":[{"href":"https:\/\/www.oparanews.com.br\/index.php\/wp-json\/wp\/v2\/media?parent=32274"}],"wp:term":[{"taxonomy":"category","embeddable":true,"href":"https:\/\/www.oparanews.com.br\/index.php\/wp-json\/wp\/v2\/categories?post=32274"},{"taxonomy":"post_tag","embeddable":true,"href":"https:\/\/www.oparanews.com.br\/index.php\/wp-json\/wp\/v2\/tags?post=32274"}],"curies":[{"name":"wp","href":"https:\/\/api.w.org\/{rel}","templated":true}]}}