{"id":32304,"date":"2024-08-17T11:06:37","date_gmt":"2024-08-17T14:06:37","guid":{"rendered":"https:\/\/www.oparanews.com.br\/?p=32304"},"modified":"2024-08-17T11:06:37","modified_gmt":"2024-08-17T14:06:37","slug":"morre-silvio-santos-dono-do-sbt-aos-93-anos","status":"publish","type":"post","link":"https:\/\/www.oparanews.com.br\/index.php\/2024\/08\/17\/morre-silvio-santos-dono-do-sbt-aos-93-anos\/","title":{"rendered":"Morre Silvio Santos, dono do SBT, aos 93 anos"},"content":{"rendered":"<p>Silvio Santos, um dos maiores nomes da hist\u00f3ria da TV brasileira, morreu aos 93 anos, na madrugada deste s\u00e1bado (17\/8), ap\u00f3s ser internado no Hospital Albert Einstein, em S\u00e3o Paulo.<\/p>\n<p>&nbsp;<\/p>\n<p>O apresentador tinha voltado \u00e0 unidade hospitalar no in\u00edcio de agosto, poucos dias depois de receber alta m\u00e9dica devido a um quadro de H1N1.<\/p>\n<p>&nbsp;<\/p>\n<p>Silvio Santos deixa seis filhas, que v\u00e3o continuar o legado do pai no comando do SBT.<\/p>\n<p>&nbsp;<\/p>\n<p><strong>Trajet\u00f3ria do Homem do Ba\u00fa<\/strong><\/p>\n<p>&nbsp;<\/p>\n<p>Silvio Santos \u00e9 um marco na hist\u00f3ria da televis\u00e3o brasileira. Ao longo dos \u00faltimos 60 anos esteve no ar, com passagens pelas principais emissoras, incluindo a rede Globo, at\u00e9 criar sua pr\u00f3pria rede: o SBT (Sistema Brasileiro de Televis\u00e3o).<\/p>\n<p>&nbsp;<\/p>\n<p>Por\u00e9m, a pr\u00f3pria trajet\u00f3ria de Senor Abravanel, nome real do apresentador, daria uma s\u00e9rie de televis\u00e3o. Ou melhor, deu um seriado (O Rei da TV) e um filme, que ser\u00e1 lan\u00e7ado em 5 de setembro.<\/p>\n<p>&nbsp;<\/p>\n<p>Filho do casal Alberto Abravanel e Rebeca Caro, Senor Abravanel nasceu no Rio de Janeiro em 12 de dezembro de 1930. Desde cedo se envolveu nos neg\u00f3cios para ajudar a fam\u00edlia.<\/p>\n<p>&nbsp;<\/p>\n<p>Um dos cap\u00edtulos mais conhecidos de sua vida envolve a juventude, quando trabalhou como camel\u00f4 nas ruas da capital carioca \u2013 vendendo capas para T\u00edtulos de Eleitor.<\/p>\n<p>&nbsp;<\/p>\n<p>O nome art\u00edstico Silvio Santos surgiu quando a carreira no r\u00e1dio e televis\u00e3o virou uma op\u00e7\u00e3o para o vendedor aumentar seus lucros. Assim, Silvio, depois da parceria com Manoel da N\u00f3brega, estreou nas telinhas em 1962, no programa Vamos Brincar de Forca, na TV Paulista. No ano seguinte, estreou o Programa Silvio Santos, que, desde 1963, est\u00e1 no ar no pa\u00eds.<\/p>\n<p>&nbsp;<\/p>\n<p>Para Maur\u00edcio Stycer, bi\u00f3grafo do apresentador e autor do livro Topa Tudo Por Dinheiro, Silvio buscou a televis\u00e3o e o r\u00e1dio como uma maneira de ampliar os neg\u00f3cios e conseguir o pr\u00f3prio canal.<\/p>\n<p>&nbsp;<\/p>\n<p>Percebendo o sucesso da empreitada, Silvio Santos decidiu dobrar a aposta e passou a lutar para criar uma rede de televis\u00e3o.<\/p>\n<p>&nbsp;<\/p>\n<p>O sonho come\u00e7ou em 1976, quando o general Ernesto Geisel, um dos presidente do per\u00edodo da ditadura militar, concedeu ao comunicador a TVS (TV Studios) do Rio de Janeiro. Quase cinco anos depois, em 1981, o Patr\u00e3o fundou o SBT.<\/p>\n<p>&nbsp;<\/p>\n<p>No SBT, Silvio criou um jeito pr\u00f3prio de fazer televis\u00e3o. Com mudan\u00e7as na grade, pouco espa\u00e7o para jornalismo, programas inovadores e apostas que poucos fariam, como o seriado Chaves e as novelas mexicanas.<\/p>\n<p>&nbsp;<\/p>\n<p>Em sua emissora, lan\u00e7ou nomes como Gugu Liberato, Celso Portioli, Eliana, Mara Maravilha e, mais recentemente, Maisa e Larissa Manoela.<\/p>\n<p>&nbsp;<\/p>\n<p><strong>Presidente do Brasil?<\/strong><\/p>\n<p>&nbsp;<\/p>\n<p>Em 1989, na primeira elei\u00e7\u00e3o presidencial do Brasil ap\u00f3s a ditadura militar, uma surpresa ocorreu: Silvio Santos decidiu sair candidato ao cargo de presidente da Rep\u00fablica.<\/p>\n<p>&nbsp;<\/p>\n<p>Faltando menos de um m\u00eas para o primeiro turno, setores do Partido da Frente Liberal planejaram lan\u00e7ar a candidatura do empres\u00e1rio Silvio Santos, filiado \u00e0 legenda desde 1988. Por\u00e9m, o comunicador sairia por outra agremia\u00e7\u00e3o: o Partido Municipalista Brasileiro (PMB).<\/p>\n<p>&nbsp;<\/p>\n<p>&nbsp;<\/p>\n<p>&nbsp;<\/p>\n<p><strong>Fonte: Metr\u00f3poles<\/strong><\/p>\n<p>&nbsp;<\/p>\n","protected":false},"excerpt":{"rendered":"<p>Silvio Santos, um dos maiores nomes da hist\u00f3ria da TV brasileira, morreu aos 93 anos, na madrugada deste s\u00e1bado (17\/8), ap\u00f3s ser internado no Hospital Albert Einstein, em S\u00e3o Paulo. &nbsp; O apresentador tinha voltado \u00e0 unidade hospitalar no in\u00edcio de agosto, poucos dias depois de receber alta m\u00e9dica devido a um quadro de H1N1. &hellip;<\/p>\n","protected":false},"author":2,"featured_media":32305,"comment_status":"open","ping_status":"open","sticky":false,"template":"","format":"standard","meta":{"_jetpack_memberships_contains_paid_content":false,"footnotes":""},"categories":[5,1],"tags":[],"class_list":["post-32304","post","type-post","status-publish","format-standard","has-post-thumbnail","hentry","category-brasil-mundo","category-destaque"],"jetpack_featured_media_url":"https:\/\/www.oparanews.com.br\/wp-content\/uploads\/2024\/08\/Morre-Silvio-Santos-dono-do-SBT-aos-93-anos-00777711-0e8a6ee5de76ced902c354efb2d450bc-7.webp","jetpack_sharing_enabled":true,"_links":{"self":[{"href":"https:\/\/www.oparanews.com.br\/index.php\/wp-json\/wp\/v2\/posts\/32304","targetHints":{"allow":["GET"]}}],"collection":[{"href":"https:\/\/www.oparanews.com.br\/index.php\/wp-json\/wp\/v2\/posts"}],"about":[{"href":"https:\/\/www.oparanews.com.br\/index.php\/wp-json\/wp\/v2\/types\/post"}],"author":[{"embeddable":true,"href":"https:\/\/www.oparanews.com.br\/index.php\/wp-json\/wp\/v2\/users\/2"}],"replies":[{"embeddable":true,"href":"https:\/\/www.oparanews.com.br\/index.php\/wp-json\/wp\/v2\/comments?post=32304"}],"version-history":[{"count":1,"href":"https:\/\/www.oparanews.com.br\/index.php\/wp-json\/wp\/v2\/posts\/32304\/revisions"}],"predecessor-version":[{"id":32306,"href":"https:\/\/www.oparanews.com.br\/index.php\/wp-json\/wp\/v2\/posts\/32304\/revisions\/32306"}],"wp:featuredmedia":[{"embeddable":true,"href":"https:\/\/www.oparanews.com.br\/index.php\/wp-json\/wp\/v2\/media\/32305"}],"wp:attachment":[{"href":"https:\/\/www.oparanews.com.br\/index.php\/wp-json\/wp\/v2\/media?parent=32304"}],"wp:term":[{"taxonomy":"category","embeddable":true,"href":"https:\/\/www.oparanews.com.br\/index.php\/wp-json\/wp\/v2\/categories?post=32304"},{"taxonomy":"post_tag","embeddable":true,"href":"https:\/\/www.oparanews.com.br\/index.php\/wp-json\/wp\/v2\/tags?post=32304"}],"curies":[{"name":"wp","href":"https:\/\/api.w.org\/{rel}","templated":true}]}}