{"id":32620,"date":"2024-09-11T10:02:14","date_gmt":"2024-09-11T13:02:14","guid":{"rendered":"https:\/\/www.oparanews.com.br\/?p=32620"},"modified":"2024-09-11T10:02:14","modified_gmt":"2024-09-11T13:02:14","slug":"mpox-brasil-ultrapassa-mil-casos-da-doenca-em-2024","status":"publish","type":"post","link":"https:\/\/www.oparanews.com.br\/index.php\/2024\/09\/11\/mpox-brasil-ultrapassa-mil-casos-da-doenca-em-2024\/","title":{"rendered":"Mpox: Brasil ultrapassa mil casos da doen\u00e7a em 2024"},"content":{"rendered":"<p>O Minist\u00e9rio da Sa\u00fade divulgou nesta ter\u00e7a-feira (10) o relat\u00f3rio semanal de casos de mpox no Brasil. Desde o in\u00edcio do ano, foram registrados 1.015 casos confirmados ou prov\u00e1veis da doen\u00e7a no pa\u00eds.<\/p>\n<p>&nbsp;<\/p>\n<p>Segundo o boletim, o Brasil registrou 70 novos casos confirmados ou prov\u00e1veis de mpox em apenas uma semana. Homens entre 18 e 39 anos s\u00e3o os mais atingidos pela doen\u00e7a, representando 718 casos, o que equivale a mais de 70% do total de infectados.<\/p>\n<p>&nbsp;<\/p>\n<p>O minist\u00e9rio tamb\u00e9m destacou que casos foram registrados em crian\u00e7as de 0 a 4 anos e que n\u00e3o foram registrados casos em gestantes.<\/p>\n<p>&nbsp;<\/p>\n<p>O boletim tamb\u00e9m mostra que foram registradas 71 hospitaliza\u00e7\u00f5es, representando 7,0% dos casos. Dessas, 5 casos (0,5%) necessitaram interna\u00e7\u00e3o em unidade de terapia intensiva (UTI), 36 (3,9%) ocorreram para manejo cl\u00ednico, 8 (0,8%) para isolamento e 27 (2,7%) n\u00e3o tiveram o motivo da hospitaliza\u00e7\u00e3o especificado.<\/p>\n<p>&nbsp;<\/p>\n<p>O minist\u00e9rio tamb\u00e9m destacou que n\u00e3o houve \u00f3bitos no Brasil devido a mpox em 2024.<\/p>\n<p>&nbsp;<\/p>\n<p>De acordo com o boletim, a regi\u00e3o Sudeste foi a mais afetada, concentrando 821 casos, o que representa 80,9% do total de casos no pa\u00eds. As unidades federativas com a maior quantidade de casos confirmados ou prov\u00e1veis foram:<\/p>\n<p>&nbsp;<\/p>\n<p>S\u00e3o Paulo: 533 casos (52,5%)<br \/>\nRio de Janeiro: 224 casos (22,1%)<br \/>\nMinas Gerais: 56 casos (5,5%)<br \/>\nBahia: 40 casos (3,9%)<\/p>\n<p>&nbsp;<\/p>\n<p>As cidades que registraram a maior quantidade de casos confirmados ou prov\u00e1veis foram:<\/p>\n<p>&nbsp;<\/p>\n<p>S\u00e3o Paulo: 370 casos (36,5%)<br \/>\nRio de Janeiro: 167 casos (16,5%)<br \/>\nBelo Horizonte: 43 casos (4,2%)<br \/>\nSalvador: 28 casos (2,8%)<br \/>\nBras\u00edlia: 23 casos (2,3%)<\/p>\n<p>Na semana passada, o boletim do Minist\u00e9rio da Sa\u00fade mostrou que o Brasil superou o n\u00famero de casos registrados em 2023, que totalizaram 853.<\/p>\n<p>&nbsp;<\/p>\n<p><strong>Como \u00e9 a mpox<\/strong><\/p>\n<p>&nbsp;<\/p>\n<p>A mpox \u00e9 uma doen\u00e7a causada pelo v\u00edrus mpox, do g\u00eanero Orthopoxvirus e da fam\u00edlia Poxviridae. A transmiss\u00e3o do v\u00edrus para humanos ocorre por meio do contato com pessoas infectadas ou materiais contaminados.<\/p>\n<p>&nbsp;<\/p>\n<p>A doen\u00e7a pode se espalhar por contato pr\u00f3ximo, como toque, beijo ou sexo, bem como por materiais contaminados, como len\u00e7\u00f3is, roupas e agulhas, segundo a OMS.<\/p>\n<p>&nbsp;<\/p>\n<p>Os principais sintomas s\u00e3o les\u00f5es na pele, que podem ser acompanhadas de febre, dor no corpo, dor de cabe\u00e7a, calafrios e fraqueza. De acordo com o Minist\u00e9rio da Sa\u00fade, o intervalo de tempo entre o primeiro contato com o v\u00edrus at\u00e9 o in\u00edcio dos sinais e sintomas da mpox varia de tr\u00eas a 16 dias, podendo chegar a 21 dias.<\/p>\n<p>&nbsp;<\/p>\n<p>As les\u00f5es na pele podem ser planas ou levemente elevadas e s\u00e3o preenchidas por um l\u00edquido claro ou amarelado. Conforme a doen\u00e7a evolui, essas les\u00f5es podem formar crostas, que secam e caem. As les\u00f5es podem se concentrar no rosto, na palma das m\u00e3os e na planta dos p\u00e9s, mas tamb\u00e9m podem surgir em outras partes do corpo, incluindo boca, olhos, \u00f3rg\u00e3os genitais e \u00e2nus.<\/p>\n<p>&nbsp;<\/p>\n<p>&nbsp;<\/p>\n<p>&nbsp;<\/p>\n<p><strong>Fonte: CNN Brasil<\/strong><\/p>\n<p>&nbsp;<\/p>\n","protected":false},"excerpt":{"rendered":"<p>O Minist\u00e9rio da Sa\u00fade divulgou nesta ter\u00e7a-feira (10) o relat\u00f3rio semanal de casos de mpox no Brasil. Desde o in\u00edcio do ano, foram registrados 1.015 casos confirmados ou prov\u00e1veis da doen\u00e7a no pa\u00eds. &nbsp; Segundo o boletim, o Brasil registrou 70 novos casos confirmados ou prov\u00e1veis de mpox em apenas uma semana. Homens entre 18 &hellip;<\/p>\n","protected":false},"author":2,"featured_media":32621,"comment_status":"open","ping_status":"open","sticky":false,"template":"","format":"standard","meta":{"_jetpack_memberships_contains_paid_content":false,"footnotes":""},"categories":[5],"tags":[],"class_list":["post-32620","post","type-post","status-publish","format-standard","has-post-thumbnail","hentry","category-brasil-mundo"],"jetpack_featured_media_url":"https:\/\/www.oparanews.com.br\/wp-content\/uploads\/2024\/09\/csm_mpox_a38a0c0cec.webp","jetpack_sharing_enabled":true,"_links":{"self":[{"href":"https:\/\/www.oparanews.com.br\/index.php\/wp-json\/wp\/v2\/posts\/32620","targetHints":{"allow":["GET"]}}],"collection":[{"href":"https:\/\/www.oparanews.com.br\/index.php\/wp-json\/wp\/v2\/posts"}],"about":[{"href":"https:\/\/www.oparanews.com.br\/index.php\/wp-json\/wp\/v2\/types\/post"}],"author":[{"embeddable":true,"href":"https:\/\/www.oparanews.com.br\/index.php\/wp-json\/wp\/v2\/users\/2"}],"replies":[{"embeddable":true,"href":"https:\/\/www.oparanews.com.br\/index.php\/wp-json\/wp\/v2\/comments?post=32620"}],"version-history":[{"count":1,"href":"https:\/\/www.oparanews.com.br\/index.php\/wp-json\/wp\/v2\/posts\/32620\/revisions"}],"predecessor-version":[{"id":32622,"href":"https:\/\/www.oparanews.com.br\/index.php\/wp-json\/wp\/v2\/posts\/32620\/revisions\/32622"}],"wp:featuredmedia":[{"embeddable":true,"href":"https:\/\/www.oparanews.com.br\/index.php\/wp-json\/wp\/v2\/media\/32621"}],"wp:attachment":[{"href":"https:\/\/www.oparanews.com.br\/index.php\/wp-json\/wp\/v2\/media?parent=32620"}],"wp:term":[{"taxonomy":"category","embeddable":true,"href":"https:\/\/www.oparanews.com.br\/index.php\/wp-json\/wp\/v2\/categories?post=32620"},{"taxonomy":"post_tag","embeddable":true,"href":"https:\/\/www.oparanews.com.br\/index.php\/wp-json\/wp\/v2\/tags?post=32620"}],"curies":[{"name":"wp","href":"https:\/\/api.w.org\/{rel}","templated":true}]}}