{"id":32718,"date":"2024-09-23T15:58:19","date_gmt":"2024-09-23T18:58:19","guid":{"rendered":"https:\/\/www.oparanews.com.br\/?p=32718"},"modified":"2024-09-23T15:58:19","modified_gmt":"2024-09-23T18:58:19","slug":"amigos-sequestrados-sao-encontrados-mortos-em-fazenda-em-rio-largo","status":"publish","type":"post","link":"https:\/\/www.oparanews.com.br\/index.php\/2024\/09\/23\/amigos-sequestrados-sao-encontrados-mortos-em-fazenda-em-rio-largo\/","title":{"rendered":"Amigos sequestrados s\u00e3o encontrados mortos em fazenda em Rio Largo"},"content":{"rendered":"<p>Dois amigos foram encontrados mortos em uma fazenda na zona rural de Rio Largo, regi\u00e3o metropolitana de Macei\u00f3, neste domingo (22). Segunda a fam\u00edlia, eles tinham sido sequestrados dias antes do assassinato. Um outro corpo foi achado na localidade, mas a pol\u00edcia diz que os crimes n\u00e3o t\u00eam rela\u00e7\u00e3o.<\/p>\n<p>&nbsp;<\/p>\n<p>As v\u00edtimas s\u00e3o Renato Emanuel de Lima Fernandes e Humberto Batista da Silva. De acordo com a pol\u00edcia, os dois moravam na mesma casa no Conjunto Napole\u00e3o Viana. Segundo a fam\u00edlia de Humberto, ele era natural de S\u00e3o Paulo, mas se mudou para recentemente para Alagoas. Ele era usu\u00e1rio de drogas.<\/p>\n<p>&nbsp;<\/p>\n<p>As investiga\u00e7\u00f5es apontam que os criminosos teriam invadido a casa dos amigos e sequestrado Humberto, j\u00e1 Renato estava na rua quando foi levado a for\u00e7a pelos assassinos.<\/p>\n<p>&nbsp;<\/p>\n<p>Os peritos que foram ao local do crime informaram que os corpos estavam em avan\u00e7ado estado de decomposi\u00e7\u00e3o e que tinham marcas de tiros.<\/p>\n<p>&nbsp;<\/p>\n<p><strong>Corpo carbonizado<\/strong><\/p>\n<p>&nbsp;<\/p>\n<p>No mesmo dia em que Renato e Humberto foram encontrados, a Pol\u00edcia Civil foi acionada para um achado de cad\u00e1ver na mesma localidade.<\/p>\n<p>&nbsp;<\/p>\n<p>O corpo de uma pessoa, n\u00e3o identificada, foi achado sem roupa, carbonizado e com sinais de estrangulamento e tortura e estaria a dois quil\u00f4metros de dist\u00e2ncia dos outros dois corpos.<\/p>\n<p>&nbsp;<\/p>\n<p>A Pol\u00edcia Civil investiga as tr\u00eas mortes, mas adianta que os assassinatos n\u00e3o t\u00eam rela\u00e7\u00e3o entre si.<\/p>\n<p>&nbsp;<\/p>\n<p>&nbsp;<\/p>\n<p>&nbsp;<\/p>\n<p><strong>Fonte: G1\/AL<\/strong><\/p>\n<p>&nbsp;<\/p>\n","protected":false},"excerpt":{"rendered":"<p>Dois amigos foram encontrados mortos em uma fazenda na zona rural de Rio Largo, regi\u00e3o metropolitana de Macei\u00f3, neste domingo (22). Segunda a fam\u00edlia, eles tinham sido sequestrados dias antes do assassinato. Um outro corpo foi achado na localidade, mas a pol\u00edcia diz que os crimes n\u00e3o t\u00eam rela\u00e7\u00e3o. &nbsp; As v\u00edtimas s\u00e3o Renato Emanuel &hellip;<\/p>\n","protected":false},"author":2,"featured_media":32719,"comment_status":"open","ping_status":"open","sticky":false,"template":"","format":"standard","meta":{"_jetpack_memberships_contains_paid_content":false,"footnotes":""},"categories":[4,1],"tags":[],"class_list":["post-32718","post","type-post","status-publish","format-standard","has-post-thumbnail","hentry","category-alagoas","category-destaque"],"jetpack_featured_media_url":"https:\/\/www.oparanews.com.br\/wp-content\/uploads\/2024\/09\/Sem-titulo-11.png","jetpack_sharing_enabled":true,"_links":{"self":[{"href":"https:\/\/www.oparanews.com.br\/index.php\/wp-json\/wp\/v2\/posts\/32718","targetHints":{"allow":["GET"]}}],"collection":[{"href":"https:\/\/www.oparanews.com.br\/index.php\/wp-json\/wp\/v2\/posts"}],"about":[{"href":"https:\/\/www.oparanews.com.br\/index.php\/wp-json\/wp\/v2\/types\/post"}],"author":[{"embeddable":true,"href":"https:\/\/www.oparanews.com.br\/index.php\/wp-json\/wp\/v2\/users\/2"}],"replies":[{"embeddable":true,"href":"https:\/\/www.oparanews.com.br\/index.php\/wp-json\/wp\/v2\/comments?post=32718"}],"version-history":[{"count":1,"href":"https:\/\/www.oparanews.com.br\/index.php\/wp-json\/wp\/v2\/posts\/32718\/revisions"}],"predecessor-version":[{"id":32720,"href":"https:\/\/www.oparanews.com.br\/index.php\/wp-json\/wp\/v2\/posts\/32718\/revisions\/32720"}],"wp:featuredmedia":[{"embeddable":true,"href":"https:\/\/www.oparanews.com.br\/index.php\/wp-json\/wp\/v2\/media\/32719"}],"wp:attachment":[{"href":"https:\/\/www.oparanews.com.br\/index.php\/wp-json\/wp\/v2\/media?parent=32718"}],"wp:term":[{"taxonomy":"category","embeddable":true,"href":"https:\/\/www.oparanews.com.br\/index.php\/wp-json\/wp\/v2\/categories?post=32718"},{"taxonomy":"post_tag","embeddable":true,"href":"https:\/\/www.oparanews.com.br\/index.php\/wp-json\/wp\/v2\/tags?post=32718"}],"curies":[{"name":"wp","href":"https:\/\/api.w.org\/{rel}","templated":true}]}}