{"id":32893,"date":"2024-10-16T08:31:38","date_gmt":"2024-10-16T11:31:38","guid":{"rendered":"https:\/\/www.oparanews.com.br\/?p=32893"},"modified":"2024-10-16T08:32:15","modified_gmt":"2024-10-16T11:32:15","slug":"prefeitura-de-penedo-preparou-vasto-cronograma-de-acoes-no-outubro-rosa","status":"publish","type":"post","link":"https:\/\/www.oparanews.com.br\/index.php\/2024\/10\/16\/prefeitura-de-penedo-preparou-vasto-cronograma-de-acoes-no-outubro-rosa\/","title":{"rendered":"Prefeitura de Penedo preparou vasto cronograma de a\u00e7\u00f5es no Outubro Rosa"},"content":{"rendered":"<p>A Prefeitura de Penedo promove a\u00e7\u00f5es alusivas ao Outubro Rosa em setores da Secretaria Municipal de Sa\u00fade (SEMS), dos postos ao Centro de Diagn\u00f3stico e tamb\u00e9m no Centro de Sa\u00fade da Mulher, investimento do governo Ronaldo Lopes que funciona no Complexo de Sa\u00fade Dr. H\u00e9lio Lopes.<\/p>\n<p>&nbsp;<\/p>\n<p><a href=\"http:\/\/www.oparanews.com.br\/wp-content\/uploads\/2024\/10\/outubro-rosa-sems-penedo.jpeg\"><img loading=\"lazy\" decoding=\"async\" class=\"alignleft size-medium wp-image-32896\" src=\"http:\/\/www.oparanews.com.br\/wp-content\/uploads\/2024\/10\/outubro-rosa-sems-penedo-224x300.jpeg\" alt=\"\" width=\"224\" height=\"300\" srcset=\"https:\/\/www.oparanews.com.br\/wp-content\/uploads\/2024\/10\/outubro-rosa-sems-penedo-224x300.jpeg 224w, https:\/\/www.oparanews.com.br\/wp-content\/uploads\/2024\/10\/outubro-rosa-sems-penedo-766x1024.jpeg 766w, https:\/\/www.oparanews.com.br\/wp-content\/uploads\/2024\/10\/outubro-rosa-sems-penedo-768x1027.jpeg 768w, https:\/\/www.oparanews.com.br\/wp-content\/uploads\/2024\/10\/outubro-rosa-sems-penedo-1149x1536.jpeg 1149w, https:\/\/www.oparanews.com.br\/wp-content\/uploads\/2024\/10\/outubro-rosa-sems-penedo.jpeg 1197w\" sizes=\"auto, (max-width: 224px) 100vw, 224px\" \/><\/a>Al\u00e9m de orienta\u00e7\u00e3o sobre a preven\u00e7\u00e3o do c\u00e2ncer de mama e do c\u00e2ncer de colo do \u00fatero, as unidades de sa\u00fade ir\u00e3o oferecer testes r\u00e1pidos, consultas com m\u00e9dicos e enfermeiras, vacina\u00e7\u00e3o, realiza\u00e7\u00e3o de citologia em mulheres de 25 a 64 anos e a solicita\u00e7\u00e3o de mamografia.<\/p>\n<p>&nbsp;<\/p>\n<p>Este ano, a Secretaria de Sa\u00fade de Penedo tamb\u00e9m promove o Outubro Rosa Noturno (confira o cronograma abaixo) para atender pacientes que n\u00e3o podem ir durante o dia.<\/p>\n<p>&nbsp;<\/p>\n<p>\u201cFazemos essas a\u00e7\u00f5es durante o ano todo nas nossas unidades de sa\u00fade, por\u00e9m, em outubro n\u00f3s intensificamos devido a mobiliza\u00e7\u00e3o nacional. Temos profissionais que atuam diretamente com a popula\u00e7\u00e3o, como ginecologistas e mastologistas dando palestras e passando as informa\u00e7\u00f5es. Temos toda rede para dar um diagn\u00f3stico preciso, por isso a preven\u00e7\u00e3o \u00e9 o melhor caminho\u201d, disse a Secret\u00e1ria Municipal de Sa\u00fade, Waninna Mendon\u00e7a.<\/p>\n<p>&nbsp;<\/p>\n<p>O sintoma do c\u00e2ncer de mama mais f\u00e1cil de ser percebido \u00e9 um caro\u00e7o no seio, acompanhado ou n\u00e3o de dor. A pela da mama pode ficar parecida com uma casca de laranja e tamb\u00e9m podem aparecer pequenos caro\u00e7os embaixo do bra\u00e7o. Caso a mulher observe alguma altera\u00e7\u00e3o, deve procurar imediatamente o servi\u00e7o de sa\u00fade mais pr\u00f3ximo.<\/p>\n<p>&nbsp;<\/p>\n<p>Al\u00e9m dessa campanha do Outubro Rosa, a SEMS vai enfatizar durante as a\u00e7\u00f5es tamb\u00e9m o Outubro Verde, campanha de combate a s\u00edfilis \u2013 doen\u00e7a sexualmente transmiss\u00edvel. O teste r\u00e1pido est\u00e1 dispon\u00edvel em todos os postos de sa\u00fade e a doen\u00e7a tem cura.<\/p>\n<p>&nbsp;<\/p>\n<p>\u201cVamos trabalhar as duas campanhas de forma conjunta, falando sobre a preven\u00e7\u00e3o ao c\u00e2ncer de mama e do combate a s\u00edfilis, doen\u00e7a que acomete muitas mulheres e pode ser transmitida para os beb\u00eas\u201d, destacou Waninna.<\/p>\n<p>&nbsp;<\/p>\n<p><strong>Cronograma do Outubro Rosa durante o dia nos postos de sa\u00fade da SEMS<\/strong><\/p>\n<p>&nbsp;<\/p>\n<p>Dia 22\/10 \u2013 Todos os postos de sa\u00fade, exceto da COHAB que realizar\u00e1 no dia 31\/10<br \/>\nDia 23\/10 \u2013 CAPS<br \/>\nDia 24\/10 \u2013 Academia de Sa\u00fade na Cohab, junto com Emulti Santa Luzia<br \/>\nDia 30\/10 \u2013 Sindspem, com Emulti Senhor dos Pobres<br \/>\nDia 30\/10 \u2013 Centro de Sa\u00fade da Mulher<br \/>\nDia 31\/10 \u2013 Centro de Diagn\u00f3stico<\/p>\n<p>&nbsp;<\/p>\n<p><strong>Cronograma do Outubro Rosa noturno nos postos de sa\u00fade da SEMS<\/strong><\/p>\n<p>&nbsp;<\/p>\n<p>15\/10 \u2013 Vila Matias<br \/>\n16\/10 \u2013 Sesi<br \/>\n17\/10 \u2013 Raimundinho 09<br \/>\n21\/10 \u2013 Gabriel 04<br \/>\n22\/10 \u2013 Cohab<br \/>\n23\/10 \u2013 Raimundinho 08 e Jos\u00e9 Edileno<br \/>\n24\/10 \u2013 Centro<br \/>\n25\/10 \u2013 Santo Ant\u00f4nio<br \/>\n29\/10 \u2013 Vit\u00f3ria e Oiteiro<br \/>\n30\/10 \u2013 Rosete<\/p>\n<p>&nbsp;<\/p>\n<p>&nbsp;<\/p>\n<p>&nbsp;<\/p>\n<p><strong>por Gabriela Flores (jornalista e social m\u00eddia SEMS Penedo)<\/strong><\/p>\n<p>&nbsp;<\/p>\n","protected":false},"excerpt":{"rendered":"<p>A Prefeitura de Penedo promove a\u00e7\u00f5es alusivas ao Outubro Rosa em setores da Secretaria Municipal de Sa\u00fade (SEMS), dos postos ao Centro de Diagn\u00f3stico e tamb\u00e9m no Centro de Sa\u00fade da Mulher, investimento do governo Ronaldo Lopes que funciona no Complexo de Sa\u00fade Dr. H\u00e9lio Lopes. &nbsp; Al\u00e9m de orienta\u00e7\u00e3o sobre a preven\u00e7\u00e3o do c\u00e2ncer &hellip;<\/p>\n","protected":false},"author":2,"featured_media":32894,"comment_status":"open","ping_status":"open","sticky":false,"template":"","format":"standard","meta":{"_jetpack_memberships_contains_paid_content":false,"footnotes":""},"categories":[1,3],"tags":[],"class_list":["post-32893","post","type-post","status-publish","format-standard","has-post-thumbnail","hentry","category-destaque","category-penedo"],"jetpack_featured_media_url":"https:\/\/www.oparanews.com.br\/wp-content\/uploads\/2024\/10\/WhatsApp-Image-2024-10-15-at-10.56.05.jpeg","jetpack_sharing_enabled":true,"_links":{"self":[{"href":"https:\/\/www.oparanews.com.br\/index.php\/wp-json\/wp\/v2\/posts\/32893","targetHints":{"allow":["GET"]}}],"collection":[{"href":"https:\/\/www.oparanews.com.br\/index.php\/wp-json\/wp\/v2\/posts"}],"about":[{"href":"https:\/\/www.oparanews.com.br\/index.php\/wp-json\/wp\/v2\/types\/post"}],"author":[{"embeddable":true,"href":"https:\/\/www.oparanews.com.br\/index.php\/wp-json\/wp\/v2\/users\/2"}],"replies":[{"embeddable":true,"href":"https:\/\/www.oparanews.com.br\/index.php\/wp-json\/wp\/v2\/comments?post=32893"}],"version-history":[{"count":2,"href":"https:\/\/www.oparanews.com.br\/index.php\/wp-json\/wp\/v2\/posts\/32893\/revisions"}],"predecessor-version":[{"id":32897,"href":"https:\/\/www.oparanews.com.br\/index.php\/wp-json\/wp\/v2\/posts\/32893\/revisions\/32897"}],"wp:featuredmedia":[{"embeddable":true,"href":"https:\/\/www.oparanews.com.br\/index.php\/wp-json\/wp\/v2\/media\/32894"}],"wp:attachment":[{"href":"https:\/\/www.oparanews.com.br\/index.php\/wp-json\/wp\/v2\/media?parent=32893"}],"wp:term":[{"taxonomy":"category","embeddable":true,"href":"https:\/\/www.oparanews.com.br\/index.php\/wp-json\/wp\/v2\/categories?post=32893"},{"taxonomy":"post_tag","embeddable":true,"href":"https:\/\/www.oparanews.com.br\/index.php\/wp-json\/wp\/v2\/tags?post=32893"}],"curies":[{"name":"wp","href":"https:\/\/api.w.org\/{rel}","templated":true}]}}