{"id":33178,"date":"2024-11-20T09:38:50","date_gmt":"2024-11-20T12:38:50","guid":{"rendered":"https:\/\/www.oparanews.com.br\/?p=33178"},"modified":"2024-11-20T09:38:50","modified_gmt":"2024-11-20T12:38:50","slug":"pf-prende-militares-que-planejavam-matar-lula-e-alckmin-antes-da-posse","status":"publish","type":"post","link":"https:\/\/www.oparanews.com.br\/index.php\/2024\/11\/20\/pf-prende-militares-que-planejavam-matar-lula-e-alckmin-antes-da-posse\/","title":{"rendered":"PF prende militares que planejavam matar Lula e Alckmin antes da posse"},"content":{"rendered":"<p>A Pol\u00edcia Federal (PF) deflagrou nesta ter\u00e7a-feira (19) uma opera\u00e7\u00e3o para desarticular organiza\u00e7\u00e3o criminosa respons\u00e1vel por planejar um golpe de Estado para impedir a posse do presidente Luiz In\u00e1cio Lula da Silva ap\u00f3s o pleito de 2022. O plano inclu\u00eda o assassinato de Lula e do vice-presidente Geraldo Alckmin.<\/p>\n<p>&nbsp;<\/p>\n<p>&#8220;Foi identificada a exist\u00eancia de um detalhado planejamento operacional, denominado \u201cPunhal Verde e Amarelo\u201d, que seria executado no dia 15 de dezembro de 2022, voltado ao homic\u00eddio dos candidatos \u00e0 Presid\u00eancia e Vice-Presid\u00eancia da Rep\u00fablica eleitos&#8221;.<\/p>\n<p>&nbsp;<\/p>\n<p>Os criminosos tamb\u00e9m planejavam restringir o livre exerc\u00edcio do Poder Judici\u00e1rio. \u201cAinda estavam nos planos a pris\u00e3o e a execu\u00e7\u00e3o de um ministro do Supremo Tribunal Federal (STF), que vinha sendo monitorado continuamente, caso o golpe de Estado fosse consumado\u201d, destacou a PF.<\/p>\n<p>&nbsp;<\/p>\n<p>Em opera\u00e7\u00e3o deflagrada em fevereiro, a PF j\u00e1 investigava um grupo que atuou na tentativa de golpe de Estado e que monitorava o ministro Alexandre de Moraes.<\/p>\n<p>&nbsp;<\/p>\n<p>\u201cO planejamento elaborado pelos investigados detalhava os recursos humanos e b\u00e9licos necess\u00e1rios para o desencadeamento das a\u00e7\u00f5es, com uso de t\u00e9cnicas operacionais militares avan\u00e7adas, al\u00e9m de posterior institui\u00e7\u00e3o de um \u2018gabinete institucional de gest\u00e3o de crise\u2019, a ser integrado pelos pr\u00f3prios investigados para o gerenciamento de conflitos institucionais originados em decorr\u00eancia das a\u00e7\u00f5es.\u201d<\/p>\n<p>&nbsp;<\/p>\n<p><strong>Mandados<\/strong><\/p>\n<p>&nbsp;<\/p>\n<p>A Opera\u00e7\u00e3o Contragolpe j\u00e1 cumpriu cinco mandados de pris\u00e3o preventiva, e cumpre ainda tr\u00eas mandados de busca e apreens\u00e3o e 15 medidas cautelares diversas, que incluem a proibi\u00e7\u00e3o de manter contato com demais investigados; a proibi\u00e7\u00e3o de se ausentar do pa\u00eds, com entrega de passaportes no prazo de 24 (vinte e quatro) horas; e a suspens\u00e3o do exerc\u00edcio de fun\u00e7\u00f5es p\u00fablicas.<\/p>\n<p>&nbsp;<\/p>\n<p>O Ex\u00e9rcito Brasileiro acompanhou o cumprimento dos mandados, que est\u00e3o sendo efetivados nos estados do Rio de Janeiro, de Goi\u00e1s e do Amazonas, al\u00e9m do Distrito Federal.<\/p>\n<p>&nbsp;<\/p>\n<p>\u201cAs investiga\u00e7\u00f5es apontam que a organiza\u00e7\u00e3o criminosa se utilizou de elevado n\u00edvel de conhecimento t\u00e9cnico-militar para planejar, coordenar e executar a\u00e7\u00f5es il\u00edcitas nos meses de novembro e dezembro de 2022. Os investigados s\u00e3o, em sua maioria, militares com forma\u00e7\u00e3o em for\u00e7as especiais\u201d, destacou a PF em nota.<\/p>\n<p>&nbsp;<\/p>\n<p>Os fatos investigados, segundo a corpora\u00e7\u00e3o, configuram crimes de aboli\u00e7\u00e3o violenta do Estado Democr\u00e1tico de Direito, golpe de Estado e organiza\u00e7\u00e3o criminosa.<\/p>\n<p>&nbsp;<\/p>\n<p>&nbsp;<\/p>\n<p>&nbsp;<\/p>\n<p><strong>Fonte: Ag\u00eancia Brasil<\/strong><\/p>\n<p>&nbsp;<\/p>\n","protected":false},"excerpt":{"rendered":"<p>A Pol\u00edcia Federal (PF) deflagrou nesta ter\u00e7a-feira (19) uma opera\u00e7\u00e3o para desarticular organiza\u00e7\u00e3o criminosa respons\u00e1vel por planejar um golpe de Estado para impedir a posse do presidente Luiz In\u00e1cio Lula da Silva ap\u00f3s o pleito de 2022. O plano inclu\u00eda o assassinato de Lula e do vice-presidente Geraldo Alckmin. &nbsp; &#8220;Foi identificada a exist\u00eancia de &hellip;<\/p>\n","protected":false},"author":2,"featured_media":33179,"comment_status":"open","ping_status":"open","sticky":false,"template":"","format":"standard","meta":{"_jetpack_memberships_contains_paid_content":false,"footnotes":""},"categories":[5],"tags":[],"class_list":["post-33178","post","type-post","status-publish","format-standard","has-post-thumbnail","hentry","category-brasil-mundo"],"jetpack_featured_media_url":"https:\/\/www.oparanews.com.br\/wp-content\/uploads\/2024\/11\/policia-federal_arquivo_agencia-brasil_widexl.jpg","jetpack_sharing_enabled":true,"_links":{"self":[{"href":"https:\/\/www.oparanews.com.br\/index.php\/wp-json\/wp\/v2\/posts\/33178","targetHints":{"allow":["GET"]}}],"collection":[{"href":"https:\/\/www.oparanews.com.br\/index.php\/wp-json\/wp\/v2\/posts"}],"about":[{"href":"https:\/\/www.oparanews.com.br\/index.php\/wp-json\/wp\/v2\/types\/post"}],"author":[{"embeddable":true,"href":"https:\/\/www.oparanews.com.br\/index.php\/wp-json\/wp\/v2\/users\/2"}],"replies":[{"embeddable":true,"href":"https:\/\/www.oparanews.com.br\/index.php\/wp-json\/wp\/v2\/comments?post=33178"}],"version-history":[{"count":1,"href":"https:\/\/www.oparanews.com.br\/index.php\/wp-json\/wp\/v2\/posts\/33178\/revisions"}],"predecessor-version":[{"id":33180,"href":"https:\/\/www.oparanews.com.br\/index.php\/wp-json\/wp\/v2\/posts\/33178\/revisions\/33180"}],"wp:featuredmedia":[{"embeddable":true,"href":"https:\/\/www.oparanews.com.br\/index.php\/wp-json\/wp\/v2\/media\/33179"}],"wp:attachment":[{"href":"https:\/\/www.oparanews.com.br\/index.php\/wp-json\/wp\/v2\/media?parent=33178"}],"wp:term":[{"taxonomy":"category","embeddable":true,"href":"https:\/\/www.oparanews.com.br\/index.php\/wp-json\/wp\/v2\/categories?post=33178"},{"taxonomy":"post_tag","embeddable":true,"href":"https:\/\/www.oparanews.com.br\/index.php\/wp-json\/wp\/v2\/tags?post=33178"}],"curies":[{"name":"wp","href":"https:\/\/api.w.org\/{rel}","templated":true}]}}