{"id":33488,"date":"2024-11-27T17:08:51","date_gmt":"2024-11-27T20:08:51","guid":{"rendered":"https:\/\/www.oparanews.com.br\/?p=33488"},"modified":"2024-11-27T17:08:51","modified_gmt":"2024-11-27T20:08:51","slug":"semed-penedo-e-instituto-gestar-promovem-contacao-de-historias-e-uso-de-computador-para-criancas-no-chp","status":"publish","type":"post","link":"https:\/\/www.oparanews.com.br\/index.php\/2024\/11\/27\/semed-penedo-e-instituto-gestar-promovem-contacao-de-historias-e-uso-de-computador-para-criancas-no-chp\/","title":{"rendered":"Semed Penedo e Instituto Gestar promovem conta\u00e7\u00e3o de hist\u00f3rias e uso de computador para crian\u00e7as no CHP"},"content":{"rendered":"<p>Turminhas da Educa\u00e7\u00e3o Infantil da Prefeitura de Penedo est\u00e3o participando de atividade extraclasse no Centro de Habilita\u00e7\u00e3o Profissional (CHP), unidade coordenada pelo Instituto Gestar na comunidade Castro Alves.<\/p>\n<p>&nbsp;<\/p>\n<p>Meninos e meninas matriculados nos Centros Municipais de Educa\u00e7\u00e3o Infantil (CMEIs), conceito atual de creche-escola, aprendem e se divertem no espa\u00e7o inaugurado em junho deste ano, investimento que tamb\u00e9m revitalizou a biblioteca fechada h\u00e1 anos.<\/p>\n<p>&nbsp;<\/p>\n<p>Acompanhada por equipe de cada CMEI , a crian\u00e7ada tem mobili\u00e1rio e suportes adequados no CHP, da mesma forma que ocorre durante os cursos de forma\u00e7\u00e3o continuada para servidores da Semed Penedo.<\/p>\n<p>&nbsp;<\/p>\n<p>No ambiente climatizado, a Tutora Pedag\u00f3gica do CHP, Taylyne Kermely, faz conta\u00e7\u00e3o de hist\u00f3ria para olhos e ouvidos atentos, sentidos que depois s\u00e3o direcionados para a tela do computador.<\/p>\n<p><a href=\"http:\/\/www.oparanews.com.br\/wp-content\/uploads\/2024\/11\/chp-penedo-semed-gestar-4.webp\"><img loading=\"lazy\" decoding=\"async\" class=\"aligncenter size-full wp-image-33489\" src=\"http:\/\/www.oparanews.com.br\/wp-content\/uploads\/2024\/11\/chp-penedo-semed-gestar-4.webp\" alt=\"\" width=\"1600\" height=\"1200\" srcset=\"https:\/\/www.oparanews.com.br\/wp-content\/uploads\/2024\/11\/chp-penedo-semed-gestar-4.webp 1600w, https:\/\/www.oparanews.com.br\/wp-content\/uploads\/2024\/11\/chp-penedo-semed-gestar-4-300x225.webp 300w, https:\/\/www.oparanews.com.br\/wp-content\/uploads\/2024\/11\/chp-penedo-semed-gestar-4-1024x768.webp 1024w, https:\/\/www.oparanews.com.br\/wp-content\/uploads\/2024\/11\/chp-penedo-semed-gestar-4-768x576.webp 768w, https:\/\/www.oparanews.com.br\/wp-content\/uploads\/2024\/11\/chp-penedo-semed-gestar-4-1536x1152.webp 1536w\" sizes=\"auto, (max-width: 1600px) 100vw, 1600px\" \/><\/a><\/p>\n<p>A atividade orientada por Taylyne e An\u00edbal Costa, Coordenador do CHP, estimula a identifica\u00e7\u00e3o do alfabeto e tamb\u00e9m o racioc\u00ednio r\u00e1pido por meio de um jogo virtual que simula a queda de cometas.<\/p>\n<p>&nbsp;<\/p>\n<p>Clicando em letras do teclado do notebook, a crian\u00e7a aciona o disparo que elimina o risco, brincadeira que significa, em muitos casos, o primeiro contato com um computador, ferramenta que j\u00e1 faz parte do cotidiano das salas de aulas das escolas da Prefeitura de Penedo, gra\u00e7as aos investimentos realizados durante o governo Ronaldo Lopes.<\/p>\n<p>&nbsp;<\/p>\n<p>&nbsp;<\/p>\n<p>&nbsp;<\/p>\n<p><strong>Fonte: Secom PMP<\/strong><br \/>\n<strong>Fotos Divulga\u00e7\u00e3o CHP<\/strong><\/p>\n<p>&nbsp;<\/p>\n","protected":false},"excerpt":{"rendered":"<p>Turminhas da Educa\u00e7\u00e3o Infantil da Prefeitura de Penedo est\u00e3o participando de atividade extraclasse no Centro de Habilita\u00e7\u00e3o Profissional (CHP), unidade coordenada pelo Instituto Gestar na comunidade Castro Alves. &nbsp; Meninos e meninas matriculados nos Centros Municipais de Educa\u00e7\u00e3o Infantil (CMEIs), conceito atual de creche-escola, aprendem e se divertem no espa\u00e7o inaugurado em junho deste ano, &hellip;<\/p>\n","protected":false},"author":2,"featured_media":33490,"comment_status":"open","ping_status":"open","sticky":false,"template":"","format":"standard","meta":{"_jetpack_memberships_contains_paid_content":false,"footnotes":""},"categories":[1,3],"tags":[],"class_list":["post-33488","post","type-post","status-publish","format-standard","has-post-thumbnail","hentry","category-destaque","category-penedo"],"jetpack_featured_media_url":"https:\/\/www.oparanews.com.br\/wp-content\/uploads\/2024\/11\/chp-penedo-semed-gestar-3.webp","jetpack_sharing_enabled":true,"_links":{"self":[{"href":"https:\/\/www.oparanews.com.br\/index.php\/wp-json\/wp\/v2\/posts\/33488","targetHints":{"allow":["GET"]}}],"collection":[{"href":"https:\/\/www.oparanews.com.br\/index.php\/wp-json\/wp\/v2\/posts"}],"about":[{"href":"https:\/\/www.oparanews.com.br\/index.php\/wp-json\/wp\/v2\/types\/post"}],"author":[{"embeddable":true,"href":"https:\/\/www.oparanews.com.br\/index.php\/wp-json\/wp\/v2\/users\/2"}],"replies":[{"embeddable":true,"href":"https:\/\/www.oparanews.com.br\/index.php\/wp-json\/wp\/v2\/comments?post=33488"}],"version-history":[{"count":1,"href":"https:\/\/www.oparanews.com.br\/index.php\/wp-json\/wp\/v2\/posts\/33488\/revisions"}],"predecessor-version":[{"id":33491,"href":"https:\/\/www.oparanews.com.br\/index.php\/wp-json\/wp\/v2\/posts\/33488\/revisions\/33491"}],"wp:featuredmedia":[{"embeddable":true,"href":"https:\/\/www.oparanews.com.br\/index.php\/wp-json\/wp\/v2\/media\/33490"}],"wp:attachment":[{"href":"https:\/\/www.oparanews.com.br\/index.php\/wp-json\/wp\/v2\/media?parent=33488"}],"wp:term":[{"taxonomy":"category","embeddable":true,"href":"https:\/\/www.oparanews.com.br\/index.php\/wp-json\/wp\/v2\/categories?post=33488"},{"taxonomy":"post_tag","embeddable":true,"href":"https:\/\/www.oparanews.com.br\/index.php\/wp-json\/wp\/v2\/tags?post=33488"}],"curies":[{"name":"wp","href":"https:\/\/api.w.org\/{rel}","templated":true}]}}