{"id":33492,"date":"2024-11-27T17:12:53","date_gmt":"2024-11-27T20:12:53","guid":{"rendered":"https:\/\/www.oparanews.com.br\/?p=33492"},"modified":"2024-11-27T17:12:53","modified_gmt":"2024-11-27T20:12:53","slug":"secretaria-municipal-de-saude-realiza-dia-d-do-novembro-azul-em-penedo","status":"publish","type":"post","link":"https:\/\/www.oparanews.com.br\/index.php\/2024\/11\/27\/secretaria-municipal-de-saude-realiza-dia-d-do-novembro-azul-em-penedo\/","title":{"rendered":"Secretaria Municipal de Sa\u00fade realiza Dia D do Novembro Azul em Penedo"},"content":{"rendered":"<p>A Secretaria Municipal de Sa\u00fade (SEMS) realizou a\u00e7\u00f5es alusivas ao Novembro Azul nas 20 unidades da rede da Prefeitura de Penedo, com informa\u00e7\u00f5es sobre a import\u00e2ncia de cuidados pessoais e principalmente a respeito da preven\u00e7\u00e3o ao c\u00e2ncer pr\u00f3stata, al\u00e9m de conscientizar acerca do preconceito que dificulta o diagn\u00f3stico precoce.<\/p>\n<p>&nbsp;<\/p>\n<p>No Brasil, o c\u00e2ncer de pr\u00f3stata \u00e9 o segundo mais comum entre os homens, representando cerca de 29% dos casos, segundo dados do Instituto Nacional de C\u00e2ncer (INCA). A recomenda\u00e7\u00e3o m\u00e9dica \u00e9 que, a partir dos 50 anos, homens realizem exames anuais de toque retal e dosagem de PSA (Ant\u00edgeno Prost\u00e1tico Espec\u00edfico). Para aqueles com hist\u00f3rico familiar de c\u00e2ncer, \u00e9 a partir dos 45 anos.<\/p>\n<p>&nbsp;<\/p>\n<p>\u201cEu tenho 68 anos e s\u00f3 ia ao m\u00e9dico quando n\u00e3o tinha mais jeito, mas depois que passei por um susto e com a diabetes, eu me policio a cuidar mais da sa\u00fade. Sobre o c\u00e2ncer de pr\u00f3stata, ainda \u00e9 um assunto de muitas piadas e isso afasta os homens dos consult\u00f3rios, mas eu prefiro me prevenir\u201d, relatou \u2018seu\u2019 Ant\u00f4nio.<\/p>\n<p>&nbsp;<\/p>\n<p>O Novembro Azul \u00e9 dedicado \u00e0 conscientiza\u00e7\u00e3o sobre o c\u00e2ncer de pr\u00f3stata, que busca incentivar os homens a cuidarem da sa\u00fade e realizarem exames preventivos. Entre os principais sintomas est\u00e3o a dificuldade para urinar; sensa\u00e7\u00e3o de bexiga cheia, mesmo ap\u00f3s ir ao banheiro; diminui\u00e7\u00e3o do jato de urina; dores na regi\u00e3o p\u00e9lvica e presen\u00e7a de sangue na urina ou no s\u00eamen.<\/p>\n<p>&nbsp;<\/p>\n<p>\u201cDiscutir a sa\u00fade do homem \u00e9 muito importante porque existe ainda muito preconceito sobre o cuidado com a pr\u00f3pria sa\u00fade. Muitos s\u00f3 v\u00e3o ao m\u00e9dico quando a esposa leva ou quando eles n\u00e3o aguentam mais os sintomas. O Novembro Azul \u00e9 para voc\u00eas, homens. Aprendam a ter mais cuidado com sa\u00fade\u201d, disse a Dra. Ana Beatriz Dantas durante sua palestra no PSF Cohab.<\/p>\n<p>&nbsp;<\/p>\n<p>&nbsp;<\/p>\n<p>&nbsp;<\/p>\n<p><strong>Por Gabriela Flores \u2013 jornalista e social midia SEMS<\/strong><\/p>\n<p>&nbsp;<\/p>\n","protected":false},"excerpt":{"rendered":"<p>A Secretaria Municipal de Sa\u00fade (SEMS) realizou a\u00e7\u00f5es alusivas ao Novembro Azul nas 20 unidades da rede da Prefeitura de Penedo, com informa\u00e7\u00f5es sobre a import\u00e2ncia de cuidados pessoais e principalmente a respeito da preven\u00e7\u00e3o ao c\u00e2ncer pr\u00f3stata, al\u00e9m de conscientizar acerca do preconceito que dificulta o diagn\u00f3stico precoce. &nbsp; No Brasil, o c\u00e2ncer de &hellip;<\/p>\n","protected":false},"author":2,"featured_media":33493,"comment_status":"open","ping_status":"open","sticky":false,"template":"","format":"standard","meta":{"_jetpack_memberships_contains_paid_content":false,"footnotes":""},"categories":[1,3],"tags":[],"class_list":["post-33492","post","type-post","status-publish","format-standard","has-post-thumbnail","hentry","category-destaque","category-penedo"],"jetpack_featured_media_url":"https:\/\/www.oparanews.com.br\/wp-content\/uploads\/2024\/11\/novembro-azul-sems-penedo-5.webp","jetpack_sharing_enabled":true,"_links":{"self":[{"href":"https:\/\/www.oparanews.com.br\/index.php\/wp-json\/wp\/v2\/posts\/33492","targetHints":{"allow":["GET"]}}],"collection":[{"href":"https:\/\/www.oparanews.com.br\/index.php\/wp-json\/wp\/v2\/posts"}],"about":[{"href":"https:\/\/www.oparanews.com.br\/index.php\/wp-json\/wp\/v2\/types\/post"}],"author":[{"embeddable":true,"href":"https:\/\/www.oparanews.com.br\/index.php\/wp-json\/wp\/v2\/users\/2"}],"replies":[{"embeddable":true,"href":"https:\/\/www.oparanews.com.br\/index.php\/wp-json\/wp\/v2\/comments?post=33492"}],"version-history":[{"count":1,"href":"https:\/\/www.oparanews.com.br\/index.php\/wp-json\/wp\/v2\/posts\/33492\/revisions"}],"predecessor-version":[{"id":33494,"href":"https:\/\/www.oparanews.com.br\/index.php\/wp-json\/wp\/v2\/posts\/33492\/revisions\/33494"}],"wp:featuredmedia":[{"embeddable":true,"href":"https:\/\/www.oparanews.com.br\/index.php\/wp-json\/wp\/v2\/media\/33493"}],"wp:attachment":[{"href":"https:\/\/www.oparanews.com.br\/index.php\/wp-json\/wp\/v2\/media?parent=33492"}],"wp:term":[{"taxonomy":"category","embeddable":true,"href":"https:\/\/www.oparanews.com.br\/index.php\/wp-json\/wp\/v2\/categories?post=33492"},{"taxonomy":"post_tag","embeddable":true,"href":"https:\/\/www.oparanews.com.br\/index.php\/wp-json\/wp\/v2\/tags?post=33492"}],"curies":[{"name":"wp","href":"https:\/\/api.w.org\/{rel}","templated":true}]}}