{"id":33571,"date":"2024-12-05T12:05:32","date_gmt":"2024-12-05T15:05:32","guid":{"rendered":"https:\/\/www.oparanews.com.br\/?p=33571"},"modified":"2024-12-05T12:05:32","modified_gmt":"2024-12-05T15:05:32","slug":"prefeitura-divulga-programacao-do-penedo-luz-2024-confira","status":"publish","type":"post","link":"https:\/\/www.oparanews.com.br\/index.php\/2024\/12\/05\/prefeitura-divulga-programacao-do-penedo-luz-2024-confira\/","title":{"rendered":"Prefeitura divulga programa\u00e7\u00e3o do Penedo Luz 2024. Confira!"},"content":{"rendered":"<p>Oito de dezembro de dois mil e vinte e quatro: dia marcado para a \u00e9poca mais linda e encantadora do calend\u00e1rio tomar conta do Destino Penedo. Neste dia, toda a fam\u00edlia vai poder prestigiar o tradicional cortejo natalino, \u00e0s 17h, que sair\u00e1 da Pra\u00e7a Marechal Deodoro (pr\u00f3xima ao Cine Penedo) e seguir\u00e1 at\u00e9 a Pra\u00e7a 12 de Abril, local em que est\u00e1 instalada toda a estrutura.<\/p>\n<p>&nbsp;<\/p>\n<p>A t\u00e3o aguardada chegada do Papai Noel acontecer\u00e1 \u00e0s 18h30. O p\u00fablico poder\u00e1 contar, tamb\u00e9m, com o incr\u00edvel espet\u00e1culo natalino \u201cF\u00e1brica de Brinquedos\u201d com proje\u00e7\u00e3o mapeada, Vila M\u00e1gica, composta por uma roda gigante e um carrossel de carrinhos, Casinha do Papai Noel com distribui\u00e7\u00e3o de presentes e espa\u00e7os instagram\u00e1veis.<\/p>\n<p>&nbsp;<\/p>\n<p>Atra\u00e7\u00f5es como jardineira animada, barco natalino e shows musicais tamb\u00e9m fazem parte da programa\u00e7\u00e3o, que vai at\u00e9 o dia 31 de dezembro.<\/p>\n<p>&nbsp;<\/p>\n<p><strong>Confira:<\/strong><\/p>\n<p>&nbsp;<\/p>\n<p><strong><em>Domingo \u2013 08\/12<\/em><\/strong><\/p>\n<p>17h \u2013 Cortejo Natalino<\/p>\n<p>Saindo da Pra\u00e7a Marechal Deodoro (pr\u00f3xima ao Cine Penedo) em dire\u00e7\u00e3o \u00e0 Pra\u00e7a 12 de Abril<\/p>\n<p>18h \u2013 Espet\u00e1culo de Natal \u201cF\u00e1brica de Brinquedos\u201d com proje\u00e7\u00e3o mapeada<\/p>\n<p>&nbsp;<\/p>\n<p><em>Fachada do Pa\u00e7o Imperial<\/em><\/p>\n<p>18h30 \u2013 Chegada do Papai Noel<\/p>\n<p>19h \u00e0s 22h \u2013 Vila M\u00e1gica<\/p>\n<p>&nbsp;<\/p>\n<p><em>Pra\u00e7a 12 de Abril<\/em><\/p>\n<p>19h \u2013 Casinha do Papai Noel + Distribui\u00e7\u00e3o de presentes<\/p>\n<p>&nbsp;<\/p>\n<p>Pra\u00e7a 12 de Abril<\/p>\n<p>&nbsp;<\/p>\n<p><em><strong>Sexta-feira \u2013 13\/12, na Pra\u00e7a 12 de Abril<\/strong><\/em><\/p>\n<p>17h \u00e0s 22h \u2013 Vila M\u00e1gica<\/p>\n<p>18h \u00e0s 20h \u2013 Jardineira Animada<\/p>\n<p>19h \u2013 Casinha do Papai Noel + Distribui\u00e7\u00e3o de presentes<\/p>\n<p>&nbsp;<\/p>\n<p><em><strong>S\u00e1bado \u2013 14\/12<\/strong><\/em><\/p>\n<p>17h \u00e0s 22h \u2013 Vila M\u00e1gica<\/p>\n<p>Pra\u00e7a 12 de Abril<\/p>\n<p>18h \u2013 Espet\u00e1culo de Natal \u201cF\u00e1brica de Brinquedos\u201d com proje\u00e7\u00e3o mapeada<\/p>\n<p>Fachada do Pa\u00e7o Imperial<\/p>\n<p>19h \u2013 Casinha do Papai Noel + Distribui\u00e7\u00e3o de presentes<\/p>\n<p>18h \u00e0s 20h \u2013 Jardineira Animada<\/p>\n<p>Pra\u00e7a 12 de Abril<\/p>\n<p>21h \u2013 Show musical com Kau\u00e2nne Oliver<\/p>\n<p>Pra\u00e7a 12 de Abril<\/p>\n<p>23h \u2013 Bileu do Arrocha<\/p>\n<p>Pra\u00e7a 12 de Abril<\/p>\n<p>&nbsp;<\/p>\n<p><strong><em>Domingo \u2013 15\/12<\/em><\/strong><\/p>\n<p>17h \u00e0s 22h \u2013 Vila M\u00e1gica<\/p>\n<p>Pra\u00e7a 12 de Abril<\/p>\n<p>17h \u2013 Atra\u00e7\u00e3o infantil<\/p>\n<p>18h \u00e0s 20h \u2013 Barco Natalino<\/p>\n<p>Porto das Balsas<\/p>\n<p>Sexta-feira \u2013 20\/12, na Pra\u00e7a 12 de Abril<\/p>\n<p>17h \u00e0s 22h \u2013 Vila M\u00e1gica<\/p>\n<p>18h \u00e0s 20h \u2013 Jardineira Animada<\/p>\n<p>19h \u2013 Casinha do Papai Noel + Distribui\u00e7\u00e3o de presentes<\/p>\n<p>&nbsp;<\/p>\n<p><em><strong>S\u00e1bado \u2013 21\/12<\/strong><\/em><\/p>\n<p>17h \u00e0s 22h \u2013 Vila M\u00e1gica<\/p>\n<p>Pra\u00e7a 12 de Abril<\/p>\n<p>18h \u2013 Espet\u00e1culo de Natal \u201cF\u00e1brica de Brinquedos\u201d com proje\u00e7\u00e3o mapeada<\/p>\n<p>Fachada do Pa\u00e7o Imperial<\/p>\n<p>18h \u00e0s 20h \u2013 Jardineira Animada<\/p>\n<p>Pra\u00e7a 12 de Abril<\/p>\n<p>19h \u2013 Casinha do Papai Noel + Distribui\u00e7\u00e3o de presentes<\/p>\n<p>Pra\u00e7a 12 de Abril<\/p>\n<p>21h \u2013 Show musical com El\u00e2ine Nascimento<\/p>\n<p>Pra\u00e7a 12 de Abril<\/p>\n<p>23h \u2013 Show musical com Eduardo Art Samba<\/p>\n<p>Pra\u00e7a 12 de Abril<\/p>\n<p>&nbsp;<\/p>\n<p><strong>Domingo \u2013 22\/12<\/strong><\/p>\n<p>17h \u00e0s 22h \u2013 Vila M\u00e1gica<\/p>\n<p>Pra\u00e7a 12 de Abril<\/p>\n<p>17h \u2013 Atra\u00e7\u00e3o Infantil<\/p>\n<p>Pra\u00e7a 12 de Abril<\/p>\n<p>18h \u00e0s 20h \u2013 Barco Natalino<\/p>\n<p>Porto das Balsas<\/p>\n<p>Sexta-feira \u2013 27\/12, na Pra\u00e7a 12 de Abril<\/p>\n<p>17h \u00e0s 22h \u2013 Vila M\u00e1gica<\/p>\n<p>18h \u00e0s 20h \u2013 Jardineira Animada<\/p>\n<p>19h \u2013 Casinha do Papai Noel + Distribui\u00e7\u00e3o de presentes<\/p>\n<p>&nbsp;<\/p>\n<p><em><strong>S\u00e1bado \u2013 28\/12, na Pra\u00e7a 12 de Abril<\/strong><\/em><\/p>\n<p>17h \u00e0s 22h \u2013 Vila M\u00e1gica<\/p>\n<p>18h \u00e0s 20h \u2013 Jardineira Animada<\/p>\n<p>19h \u2013 Casinha do Papai Noel + Distribui\u00e7\u00e3o de presentes<\/p>\n<p>21h \u2013 Show musical com Deivinho Playboy<\/p>\n<p>23h \u2013 Show musical com Deyvid Alisson<\/p>\n<p>&nbsp;<\/p>\n<p><em><strong>Domingo \u2013 29\/12<\/strong><\/em><\/p>\n<p>17h \u00e0s 22h \u2013 Vila M\u00e1gica<\/p>\n<p>Pra\u00e7a 12 de Abril<\/p>\n<p>18h \u00e0s 20h \u2013 Barco Natalino<\/p>\n<p>Porto das Balsas<\/p>\n<p>Ter\u00e7a-feira \u2013 31\/12, na Pra\u00e7a 12 de Abril<\/p>\n<p>17h \u00e0s 22h \u2013 Vila M\u00e1gica<\/p>\n<p>&nbsp;<\/p>\n<p><em><strong>Sexta, s\u00e1bado e domingo, 03, 04 e 05 de janeiro de 2025<\/strong><\/em><\/p>\n<p>17h \u00e0s 22h \u2013 Vila M\u00e1gica<\/p>\n<p>&nbsp;<\/p>\n<p>&nbsp;<\/p>\n<p>&nbsp;<\/p>\n<p><strong>por Thaciana Lima \u2013 jornalista e social media da SETUREC<\/strong><\/p>\n<p>&nbsp;<\/p>\n","protected":false},"excerpt":{"rendered":"<p>Oito de dezembro de dois mil e vinte e quatro: dia marcado para a \u00e9poca mais linda e encantadora do calend\u00e1rio tomar conta do Destino Penedo. Neste dia, toda a fam\u00edlia vai poder prestigiar o tradicional cortejo natalino, \u00e0s 17h, que sair\u00e1 da Pra\u00e7a Marechal Deodoro (pr\u00f3xima ao Cine Penedo) e seguir\u00e1 at\u00e9 a Pra\u00e7a &hellip;<\/p>\n","protected":false},"author":2,"featured_media":33572,"comment_status":"open","ping_status":"open","sticky":false,"template":"","format":"standard","meta":{"_jetpack_memberships_contains_paid_content":false,"footnotes":""},"categories":[1,3],"tags":[],"class_list":["post-33571","post","type-post","status-publish","format-standard","has-post-thumbnail","hentry","category-destaque","category-penedo"],"jetpack_featured_media_url":"https:\/\/www.oparanews.com.br\/wp-content\/uploads\/2024\/12\/Penedoluz2024-papainoel-espetaculonatalino-destinopenedo.webp","jetpack_sharing_enabled":true,"_links":{"self":[{"href":"https:\/\/www.oparanews.com.br\/index.php\/wp-json\/wp\/v2\/posts\/33571","targetHints":{"allow":["GET"]}}],"collection":[{"href":"https:\/\/www.oparanews.com.br\/index.php\/wp-json\/wp\/v2\/posts"}],"about":[{"href":"https:\/\/www.oparanews.com.br\/index.php\/wp-json\/wp\/v2\/types\/post"}],"author":[{"embeddable":true,"href":"https:\/\/www.oparanews.com.br\/index.php\/wp-json\/wp\/v2\/users\/2"}],"replies":[{"embeddable":true,"href":"https:\/\/www.oparanews.com.br\/index.php\/wp-json\/wp\/v2\/comments?post=33571"}],"version-history":[{"count":1,"href":"https:\/\/www.oparanews.com.br\/index.php\/wp-json\/wp\/v2\/posts\/33571\/revisions"}],"predecessor-version":[{"id":33573,"href":"https:\/\/www.oparanews.com.br\/index.php\/wp-json\/wp\/v2\/posts\/33571\/revisions\/33573"}],"wp:featuredmedia":[{"embeddable":true,"href":"https:\/\/www.oparanews.com.br\/index.php\/wp-json\/wp\/v2\/media\/33572"}],"wp:attachment":[{"href":"https:\/\/www.oparanews.com.br\/index.php\/wp-json\/wp\/v2\/media?parent=33571"}],"wp:term":[{"taxonomy":"category","embeddable":true,"href":"https:\/\/www.oparanews.com.br\/index.php\/wp-json\/wp\/v2\/categories?post=33571"},{"taxonomy":"post_tag","embeddable":true,"href":"https:\/\/www.oparanews.com.br\/index.php\/wp-json\/wp\/v2\/tags?post=33571"}],"curies":[{"name":"wp","href":"https:\/\/api.w.org\/{rel}","templated":true}]}}