{"id":3361,"date":"2020-01-25T02:55:52","date_gmt":"2020-01-25T02:55:52","guid":{"rendered":"https:\/\/oparanews.com.br\/?p=3361"},"modified":"2020-01-25T02:55:52","modified_gmt":"2020-01-25T02:55:52","slug":"cotada-para-cultura-regina-duarte-recebe-pensao-militar","status":"publish","type":"post","link":"https:\/\/www.oparanews.com.br\/index.php\/2020\/01\/25\/cotada-para-cultura-regina-duarte-recebe-pensao-militar\/","title":{"rendered":"Cotada para Cultura, Regina Duarte recebe pens\u00e3o militar"},"content":{"rendered":"<p>Em aproxima\u00e7\u00e3o com o presidente Jair Bolsonaro, que a convidou para assumir a Secretaria Especial da Cultura, a atriz Regina Duarte recebe pens\u00e3o militar. A atriz ganha R$ 6.843,34 mensais dos cofres p\u00fablicos, segundo dados do Minist\u00e9rio da Defesa obtidos pelo Estad\u00e3o Verifica.<\/p>\n<p>Jesus Nunes Duarte, pai de Regina, foi primeiro-tenente do Ex\u00e9rcito e faleceu em 1981, em um acidente de carro. A atriz recebe o benef\u00edcio desde 1999.<\/p>\n<p>Regina foi casada tr\u00eas vezes antes do atual marido, Eduardo Lippincot. Diferentemente do que acontece em outros \u00f3rg\u00e3os p\u00fablicos, como a Pol\u00edcia Militar de S\u00e3o Paulo, em que apenas as filhas com estado civil de solteiras recebem pens\u00e3o, o benef\u00edcio para filhas de militares das For\u00e7as Armadas \u00e9 irrestrito na maior parte dos casos. Uma lei de 1991 definiu que a medida s\u00f3 poderia favorecer solteiras, mas em 1993 o Supremo Tribunal Federal reverteu a decis\u00e3o.<\/p>\n<p>O Estad\u00e3o mostrou que, no caso de servidores e parlamentares da C\u00e2mara e do Senado, novas pens\u00f5es para filhas deixaram de ser concedidas em 1990. Nas For\u00e7as Armadas, o benef\u00edcio foi limitado em 2000, passando a valer para filhos ou enteados de at\u00e9 21 anos, ou 24 se forem universit\u00e1rios &#8211; mas o privil\u00e9gio vital\u00edcio segue para as filhas de militares admitidos nas tr\u00eas For\u00e7as Armadas at\u00e9 dezembro de 2000.<\/p>\n<p>Procurada, a assessoria de imprensa da atriz disse que n\u00e3o comentar\u00e1 o caso.<\/p>\n<p><strong>Fonte: Terra<\/strong><\/p>\n<p>&nbsp;<\/p>\n","protected":false},"excerpt":{"rendered":"<p>Em aproxima\u00e7\u00e3o com o presidente Jair Bolsonaro, que a convidou para assumir a Secretaria Especial da Cultura, a atriz Regina Duarte recebe pens\u00e3o militar. A atriz ganha R$ 6.843,34 mensais dos cofres p\u00fablicos, segundo dados do Minist\u00e9rio da Defesa obtidos pelo Estad\u00e3o Verifica. Jesus Nunes Duarte, pai de Regina, foi primeiro-tenente do Ex\u00e9rcito e faleceu &hellip;<\/p>\n","protected":false},"author":1,"featured_media":3362,"comment_status":"open","ping_status":"open","sticky":false,"template":"","format":"standard","meta":{"_jetpack_memberships_contains_paid_content":false,"footnotes":""},"categories":[1],"tags":[],"class_list":["post-3361","post","type-post","status-publish","format-standard","has-post-thumbnail","hentry","category-destaque"],"jetpack_featured_media_url":"","jetpack_sharing_enabled":true,"_links":{"self":[{"href":"https:\/\/www.oparanews.com.br\/index.php\/wp-json\/wp\/v2\/posts\/3361","targetHints":{"allow":["GET"]}}],"collection":[{"href":"https:\/\/www.oparanews.com.br\/index.php\/wp-json\/wp\/v2\/posts"}],"about":[{"href":"https:\/\/www.oparanews.com.br\/index.php\/wp-json\/wp\/v2\/types\/post"}],"author":[{"embeddable":true,"href":"https:\/\/www.oparanews.com.br\/index.php\/wp-json\/wp\/v2\/users\/1"}],"replies":[{"embeddable":true,"href":"https:\/\/www.oparanews.com.br\/index.php\/wp-json\/wp\/v2\/comments?post=3361"}],"version-history":[{"count":0,"href":"https:\/\/www.oparanews.com.br\/index.php\/wp-json\/wp\/v2\/posts\/3361\/revisions"}],"wp:featuredmedia":[{"embeddable":true,"href":"https:\/\/www.oparanews.com.br\/index.php\/wp-json\/"}],"wp:attachment":[{"href":"https:\/\/www.oparanews.com.br\/index.php\/wp-json\/wp\/v2\/media?parent=3361"}],"wp:term":[{"taxonomy":"category","embeddable":true,"href":"https:\/\/www.oparanews.com.br\/index.php\/wp-json\/wp\/v2\/categories?post=3361"},{"taxonomy":"post_tag","embeddable":true,"href":"https:\/\/www.oparanews.com.br\/index.php\/wp-json\/wp\/v2\/tags?post=3361"}],"curies":[{"name":"wp","href":"https:\/\/api.w.org\/{rel}","templated":true}]}}