{"id":33653,"date":"2024-12-09T22:42:19","date_gmt":"2024-12-10T01:42:19","guid":{"rendered":"https:\/\/www.oparanews.com.br\/?p=33653"},"modified":"2024-12-09T22:42:19","modified_gmt":"2024-12-10T01:42:19","slug":"vereador-sargento-marival-critica-atuacao-de-orgaos-governamentais-e-pede-uniao-para-solucionar-abate-de-animais-em-penedo","status":"publish","type":"post","link":"https:\/\/www.oparanews.com.br\/index.php\/2024\/12\/09\/vereador-sargento-marival-critica-atuacao-de-orgaos-governamentais-e-pede-uniao-para-solucionar-abate-de-animais-em-penedo\/","title":{"rendered":"Vereador Sargento Marival critica atua\u00e7\u00e3o de \u00f3rg\u00e3os governamentais e pede uni\u00e3o para solucionar abate de animais em Penedo"},"content":{"rendered":"<p>O Vereador Sargento Marival (Marival Oliveira Santos) usou a tribuna da C\u00e2mara Municipal de Penedo na sess\u00e3o de quinta-feira, 28, para fazer algumas considera\u00e7\u00f5es a respeito da atua\u00e7\u00e3o de \u00f3rg\u00e3o oficiais em rela\u00e7\u00e3o a determinadas atividades econ\u00f4micas em Penedo, entre elas o abate de animais para comercializa\u00e7\u00e3o da carne.<\/p>\n<p>&nbsp;<\/p>\n<p>Para o parlamentar, o pa\u00eds est\u00e1 andando para tr\u00e1s por conta de atitudes do governo que n\u00e3o condizem com a popula\u00e7\u00e3o brasileira, referindo-se a \u00f3rg\u00e3os do governo federal que pressionam pessoas pobres que trabalham, atua\u00e7\u00e3o que n\u00e3o ajuda a manter o trabalho de quem precisa de sua atividade laboral para sobreviver.<\/p>\n<p>&nbsp;<\/p>\n<p>Para Marival, esses mesmos \u00f3rg\u00e3os n\u00e3o t\u00eam o mesmo empenho em rela\u00e7\u00e3o aos governos para que as gest\u00f5es promovam condi\u00e7\u00f5es de trabalho e frisou que o fechamento do matadouro de Penedo \u00e9 heran\u00e7a deixada pelo ex-prefeito Marcius Beltr\u00e3o.<\/p>\n<p>&nbsp;<\/p>\n<p>Segundo o vereador, o ent\u00e3o prefeito penedense foi notificado 30 dias antes da interdi\u00e7\u00e3o do matadouro p\u00fablico \u2013 desativado durante a primeira opera\u00e7\u00e3o da FPI do Rio S\u00e3o Francisco, em maio de 2014 \u2013 e n\u00e3o fez nada, e se n\u00e3o fosse por ele (Marival) e os vereadores Messias da Fil\u00f3 e Nelsinho, o Mercado P\u00fablico Municipal tamb\u00e9m teria sido fechado na mesma ocasi\u00e3o.<\/p>\n<p>&nbsp;<\/p>\n<p>Marival Oliveira disse ainda que ele e os demais marchantes que comercializavam carne dentro do Mercado P\u00fablico Municipal foram enganados por Marcius Beltr\u00e3o, frisando que tamb\u00e9m h\u00e1 mercadinho e a\u00e7ougue comercializando carne clandestina em Penedo, n\u00e3o \u00e9 apenas nas tarimbas do mercado onde atualmente esse tipo de com\u00e9rcio \u00e9 realizado..<\/p>\n<p>&nbsp;<\/p>\n<p>Ele encerrou o discurso convocando os colegas edis para tentar resolver esse problema, junto com o prefeito Ronaldo Lopes, parabenizando o gestor por ter \u2018acelerado\u2019 as obras de cal\u00e7amento no bairro Nossa Senhora de F\u00e1tima, popular Coreia, atendendo requerimento de sua autoria.<\/p>\n<p>&nbsp;<\/p>\n<p>&nbsp;<\/p>\n<p>&nbsp;<\/p>\n<p><strong>Fonte: Ascom CMP<\/strong><\/p>\n<p>&nbsp;<\/p>\n","protected":false},"excerpt":{"rendered":"<p>O Vereador Sargento Marival (Marival Oliveira Santos) usou a tribuna da C\u00e2mara Municipal de Penedo na sess\u00e3o de quinta-feira, 28, para fazer algumas considera\u00e7\u00f5es a respeito da atua\u00e7\u00e3o de \u00f3rg\u00e3o oficiais em rela\u00e7\u00e3o a determinadas atividades econ\u00f4micas em Penedo, entre elas o abate de animais para comercializa\u00e7\u00e3o da carne. &nbsp; Para o parlamentar, o pa\u00eds &hellip;<\/p>\n","protected":false},"author":2,"featured_media":29551,"comment_status":"open","ping_status":"open","sticky":false,"template":"","format":"standard","meta":{"_jetpack_memberships_contains_paid_content":false,"footnotes":""},"categories":[4,3],"tags":[],"class_list":["post-33653","post","type-post","status-publish","format-standard","has-post-thumbnail","hentry","category-alagoas","category-penedo"],"jetpack_featured_media_url":"https:\/\/www.oparanews.com.br\/wp-content\/uploads\/2023\/10\/vereador-marival-penedo.png","jetpack_sharing_enabled":true,"_links":{"self":[{"href":"https:\/\/www.oparanews.com.br\/index.php\/wp-json\/wp\/v2\/posts\/33653","targetHints":{"allow":["GET"]}}],"collection":[{"href":"https:\/\/www.oparanews.com.br\/index.php\/wp-json\/wp\/v2\/posts"}],"about":[{"href":"https:\/\/www.oparanews.com.br\/index.php\/wp-json\/wp\/v2\/types\/post"}],"author":[{"embeddable":true,"href":"https:\/\/www.oparanews.com.br\/index.php\/wp-json\/wp\/v2\/users\/2"}],"replies":[{"embeddable":true,"href":"https:\/\/www.oparanews.com.br\/index.php\/wp-json\/wp\/v2\/comments?post=33653"}],"version-history":[{"count":1,"href":"https:\/\/www.oparanews.com.br\/index.php\/wp-json\/wp\/v2\/posts\/33653\/revisions"}],"predecessor-version":[{"id":33654,"href":"https:\/\/www.oparanews.com.br\/index.php\/wp-json\/wp\/v2\/posts\/33653\/revisions\/33654"}],"wp:featuredmedia":[{"embeddable":true,"href":"https:\/\/www.oparanews.com.br\/index.php\/wp-json\/wp\/v2\/media\/29551"}],"wp:attachment":[{"href":"https:\/\/www.oparanews.com.br\/index.php\/wp-json\/wp\/v2\/media?parent=33653"}],"wp:term":[{"taxonomy":"category","embeddable":true,"href":"https:\/\/www.oparanews.com.br\/index.php\/wp-json\/wp\/v2\/categories?post=33653"},{"taxonomy":"post_tag","embeddable":true,"href":"https:\/\/www.oparanews.com.br\/index.php\/wp-json\/wp\/v2\/tags?post=33653"}],"curies":[{"name":"wp","href":"https:\/\/api.w.org\/{rel}","templated":true}]}}