{"id":33703,"date":"2024-12-12T13:46:34","date_gmt":"2024-12-12T16:46:34","guid":{"rendered":"https:\/\/www.oparanews.com.br\/?p=33703"},"modified":"2024-12-12T13:46:34","modified_gmt":"2024-12-12T16:46:34","slug":"prefeitura-de-penedo-divulga-relacao-dos-feriados-e-pontos-facultativos-de-2025","status":"publish","type":"post","link":"https:\/\/www.oparanews.com.br\/index.php\/2024\/12\/12\/prefeitura-de-penedo-divulga-relacao-dos-feriados-e-pontos-facultativos-de-2025\/","title":{"rendered":"Prefeitura de Penedo divulga rela\u00e7\u00e3o dos feriados e pontos facultativos de 2025"},"content":{"rendered":"<p>As datas dos feriados federais, estaduais e municipais do pr\u00f3ximo ano em Penedo e tamb\u00e9m dos pontos facultativos no servi\u00e7o p\u00fablico municipal para 2025 est\u00e3o previstas no Decreto Municipal n\u00ba 944\/2024.<\/p>\n<p>&nbsp;<\/p>\n<p>O ato administrativo do Prefeito Ronaldo Lopes est\u00e1 publicado no Di\u00e1rio Oficial do Munic\u00edpio em sua edi\u00e7\u00e3o desta quinta-feira, 12, e pode ser conferido no arquivo abaixo da not\u00edcia.<\/p>\n<p>&nbsp;<\/p>\n<p>A medida tem como objetivo promover a economicidade de recursos, sem prejudicar a continuidade dos servi\u00e7os essenciais de responsabilidade da Prefeitura de Penedo.<\/p>\n<p>&nbsp;<\/p>\n<p>Al\u00e9m disso, a lista oficial de feriados e pontos facultativos tamb\u00e9m serve como refer\u00eancia para entidades representativas do com\u00e9rcio local elaborarem seu calend\u00e1rio anual.<\/p>\n<p>&nbsp;<\/p>\n<p><strong>VEJA AQUI<\/strong>: <a href=\"http:\/\/www.oparanews.com.br\/wp-content\/uploads\/2024\/12\/DECRETO-MUINICIPAL-No-944-2024.12.11-PONTOS-FACULTATIVOS-202520241211.pdf\">DECRETO-MUINICIPAL-No-944-2024.12.11-PONTOS-FACULTATIVOS-202520241211<\/a><\/p>\n<p>&nbsp;<\/p>\n<p><strong>Fonte: Secom PMP<\/strong><\/p>\n<p>&nbsp;<\/p>\n","protected":false},"excerpt":{"rendered":"<p>As datas dos feriados federais, estaduais e municipais do pr\u00f3ximo ano em Penedo e tamb\u00e9m dos pontos facultativos no servi\u00e7o p\u00fablico municipal para 2025 est\u00e3o previstas no Decreto Municipal n\u00ba 944\/2024. &nbsp; O ato administrativo do Prefeito Ronaldo Lopes est\u00e1 publicado no Di\u00e1rio Oficial do Munic\u00edpio em sua edi\u00e7\u00e3o desta quinta-feira, 12, e pode ser &hellip;<\/p>\n","protected":false},"author":2,"featured_media":33705,"comment_status":"open","ping_status":"open","sticky":false,"template":"","format":"standard","meta":{"_jetpack_memberships_contains_paid_content":false,"footnotes":""},"categories":[1,3],"tags":[],"class_list":["post-33703","post","type-post","status-publish","format-standard","has-post-thumbnail","hentry","category-destaque","category-penedo"],"jetpack_featured_media_url":"https:\/\/www.oparanews.com.br\/wp-content\/uploads\/2024\/12\/prefeitura-de-penedo-e-casa-de-aposentadoria.webp","jetpack_sharing_enabled":true,"_links":{"self":[{"href":"https:\/\/www.oparanews.com.br\/index.php\/wp-json\/wp\/v2\/posts\/33703","targetHints":{"allow":["GET"]}}],"collection":[{"href":"https:\/\/www.oparanews.com.br\/index.php\/wp-json\/wp\/v2\/posts"}],"about":[{"href":"https:\/\/www.oparanews.com.br\/index.php\/wp-json\/wp\/v2\/types\/post"}],"author":[{"embeddable":true,"href":"https:\/\/www.oparanews.com.br\/index.php\/wp-json\/wp\/v2\/users\/2"}],"replies":[{"embeddable":true,"href":"https:\/\/www.oparanews.com.br\/index.php\/wp-json\/wp\/v2\/comments?post=33703"}],"version-history":[{"count":1,"href":"https:\/\/www.oparanews.com.br\/index.php\/wp-json\/wp\/v2\/posts\/33703\/revisions"}],"predecessor-version":[{"id":33706,"href":"https:\/\/www.oparanews.com.br\/index.php\/wp-json\/wp\/v2\/posts\/33703\/revisions\/33706"}],"wp:featuredmedia":[{"embeddable":true,"href":"https:\/\/www.oparanews.com.br\/index.php\/wp-json\/wp\/v2\/media\/33705"}],"wp:attachment":[{"href":"https:\/\/www.oparanews.com.br\/index.php\/wp-json\/wp\/v2\/media?parent=33703"}],"wp:term":[{"taxonomy":"category","embeddable":true,"href":"https:\/\/www.oparanews.com.br\/index.php\/wp-json\/wp\/v2\/categories?post=33703"},{"taxonomy":"post_tag","embeddable":true,"href":"https:\/\/www.oparanews.com.br\/index.php\/wp-json\/wp\/v2\/tags?post=33703"}],"curies":[{"name":"wp","href":"https:\/\/api.w.org\/{rel}","templated":true}]}}