{"id":33799,"date":"2024-12-23T23:31:51","date_gmt":"2024-12-24T02:31:51","guid":{"rendered":"https:\/\/www.oparanews.com.br\/?p=33799"},"modified":"2024-12-23T23:31:51","modified_gmt":"2024-12-24T02:31:51","slug":"governo-divulga-calendario-de-pagamentos-do-bolsa-familia-para-2025","status":"publish","type":"post","link":"https:\/\/www.oparanews.com.br\/index.php\/2024\/12\/23\/governo-divulga-calendario-de-pagamentos-do-bolsa-familia-para-2025\/","title":{"rendered":"Governo divulga calend\u00e1rio de pagamentos do Bolsa Fam\u00edlia para 2025"},"content":{"rendered":"<p>O Minist\u00e9rio do Desenvolvimento e Assist\u00eancia Social, Fam\u00edlia e Combate \u00e0 Fome (MDS) divulgou nesta segunda-feira (23\/12) o calend\u00e1rio de pagamentos do Programa Bolsa Fam\u00edlia (PBF) para 2025.<\/p>\n<p>&nbsp;<\/p>\n<p>Os repasses come\u00e7ar\u00e3o no dia 20 de janeiro, com as datas organizadas de acordo com o \u00faltimo d\u00edgito do N\u00famero de Identifica\u00e7\u00e3o Social (NIS) dos benefici\u00e1rios. Veja calend\u00e1rio abaixo.<\/p>\n<p>&nbsp;<\/p>\n<p>As fam\u00edlias com NIS final 1 ser\u00e3o as primeiras a receber o benef\u00edcio, no dia inicial do calend\u00e1rio. Em seguida, o pagamento ser\u00e1 feito aos que possuem NIS com final 2, e assim sucessivamente, at\u00e9 alcan\u00e7ar os benefici\u00e1rios com final zero. Os dep\u00f3sitos ocorrem nos \u00faltimos dez dias \u00fateis de cada m\u00eas, com exce\u00e7\u00e3o de dezembro, quando o calend\u00e1rio \u00e9 antecipado para come\u00e7ar no dia 10, encerrando antes do Natal.<\/p>\n<p>&nbsp;<\/p>\n<p>Saiba mais no site Metr\u00f3poles, <a href=\"https:\/\/www.metropoles.com\/brasil\/governo-divulga-calendario-de-pagamentos-do-bolsa-familia-para-2025\"><strong>clicando aqui<\/strong><\/a>.<\/p>\n<p>&nbsp;<\/p>\n<p>&nbsp;<\/p>\n<p>&nbsp;<\/p>\n<p>&nbsp;<\/p>\n<p><strong>Fonte: Metr\u00f3poles<\/strong><\/p>\n<p>&nbsp;<\/p>\n","protected":false},"excerpt":{"rendered":"<p>O Minist\u00e9rio do Desenvolvimento e Assist\u00eancia Social, Fam\u00edlia e Combate \u00e0 Fome (MDS) divulgou nesta segunda-feira (23\/12) o calend\u00e1rio de pagamentos do Programa Bolsa Fam\u00edlia (PBF) para 2025. &nbsp; Os repasses come\u00e7ar\u00e3o no dia 20 de janeiro, com as datas organizadas de acordo com o \u00faltimo d\u00edgito do N\u00famero de Identifica\u00e7\u00e3o Social (NIS) dos benefici\u00e1rios. &hellip;<\/p>\n","protected":false},"author":2,"featured_media":33801,"comment_status":"open","ping_status":"open","sticky":false,"template":"","format":"standard","meta":{"_jetpack_memberships_contains_paid_content":false,"footnotes":""},"categories":[5],"tags":[],"class_list":["post-33799","post","type-post","status-publish","format-standard","has-post-thumbnail","hentry","category-brasil-mundo"],"jetpack_featured_media_url":"https:\/\/www.oparanews.com.br\/wp-content\/uploads\/2024\/12\/Governo-divulga-calendario-de-pagamentos-do-Bolsa-00796597-54783d13cdb45cb74ec371a1b0a56195-7.webp","jetpack_sharing_enabled":true,"_links":{"self":[{"href":"https:\/\/www.oparanews.com.br\/index.php\/wp-json\/wp\/v2\/posts\/33799","targetHints":{"allow":["GET"]}}],"collection":[{"href":"https:\/\/www.oparanews.com.br\/index.php\/wp-json\/wp\/v2\/posts"}],"about":[{"href":"https:\/\/www.oparanews.com.br\/index.php\/wp-json\/wp\/v2\/types\/post"}],"author":[{"embeddable":true,"href":"https:\/\/www.oparanews.com.br\/index.php\/wp-json\/wp\/v2\/users\/2"}],"replies":[{"embeddable":true,"href":"https:\/\/www.oparanews.com.br\/index.php\/wp-json\/wp\/v2\/comments?post=33799"}],"version-history":[{"count":1,"href":"https:\/\/www.oparanews.com.br\/index.php\/wp-json\/wp\/v2\/posts\/33799\/revisions"}],"predecessor-version":[{"id":33802,"href":"https:\/\/www.oparanews.com.br\/index.php\/wp-json\/wp\/v2\/posts\/33799\/revisions\/33802"}],"wp:featuredmedia":[{"embeddable":true,"href":"https:\/\/www.oparanews.com.br\/index.php\/wp-json\/wp\/v2\/media\/33801"}],"wp:attachment":[{"href":"https:\/\/www.oparanews.com.br\/index.php\/wp-json\/wp\/v2\/media?parent=33799"}],"wp:term":[{"taxonomy":"category","embeddable":true,"href":"https:\/\/www.oparanews.com.br\/index.php\/wp-json\/wp\/v2\/categories?post=33799"},{"taxonomy":"post_tag","embeddable":true,"href":"https:\/\/www.oparanews.com.br\/index.php\/wp-json\/wp\/v2\/tags?post=33799"}],"curies":[{"name":"wp","href":"https:\/\/api.w.org\/{rel}","templated":true}]}}