{"id":33910,"date":"2025-01-05T10:48:10","date_gmt":"2025-01-05T13:48:10","guid":{"rendered":"https:\/\/www.oparanews.com.br\/?p=33910"},"modified":"2025-01-05T10:48:10","modified_gmt":"2025-01-05T13:48:10","slug":"sobe-para-14-o-total-de-mortos-apos-queda-de-ponte-entre-to-e-ma","status":"publish","type":"post","link":"https:\/\/www.oparanews.com.br\/index.php\/2025\/01\/05\/sobe-para-14-o-total-de-mortos-apos-queda-de-ponte-entre-to-e-ma\/","title":{"rendered":"Sobe para 14 o total de mortos ap\u00f3s queda de ponte entre TO e MA"},"content":{"rendered":"<p>O corpo de mais uma v\u00edtima do desabamento da ponte Juscelino Kubitschek de Oliveira, entre o Maranh\u00e3o e o Tocantins, foi resgatado na manh\u00e3 deste s\u00e1bado (4). Ainda n\u00e3o h\u00e1 identifica\u00e7\u00e3o, segundo a Marinha.<\/p>\n<p>&nbsp;<\/p>\n<p>Com isso, s\u00e3o 14 mortes confirmadas no acidente. Tr\u00eas pessoas seguem desaparecidas.<\/p>\n<p>&nbsp;<\/p>\n<p>O v\u00e3o central da ponte \u0097na BR-226, entre Aguiarn\u00f3polis (TO) e Estreito (MA)\u0097 cedeu na tarde do dia 22 de dezembro, derrubando pelo menos dez ve\u00edculos, incluindo tr\u00eas caminh\u00f5es transportando cerca de 25 mil litros de agrot\u00f3xicos e 76 toneladas de \u00e1cido sulf\u00farico. A Ag\u00eancia Nacional de \u00c1guas informou que a an\u00e1lise da qualidade da \u00e1gua indica que n\u00e3o houve vazamento dos materiais.<\/p>\n<p>&nbsp;<\/p>\n<p>Segundo o Minist\u00e9rio dos Transportes, a ponte foi inaugurada em 1961 e a estrutura antiga &#8220;j\u00e1 n\u00e3o atendia ao aumento do fluxo de ve\u00edculos e de carga transportada pelo eixo&#8221;. A Pol\u00edcia Federal abriu investiga\u00e7\u00e3o para apurar as responsabilidades pela queda da estrutura.<\/p>\n<p>&nbsp;<\/p>\n<p>O Departamento Nacional de Infraestrutura de Transportes tamb\u00e9m instaurou sindic\u00e2ncia para apurar as responsabilidades sobre o desabamento. A comiss\u00e3o ter\u00e1 120 dias para apresentar os resultados da apura\u00e7\u00e3o.<\/p>\n<p>&nbsp;<\/p>\n<p>O Minist\u00e9rio dos Transportes contratou esta semana uma empresa que ficar\u00e1 respons\u00e1vel pelas obras de reconstru\u00e7\u00e3o da Ponte Juscelino Kubitschek de Oliveira. Ao todo, a obra tem valor estimado em R$ 171,9 milh\u00f5es e o prazo para a reconstru\u00e7\u00e3o da estrutura vai at\u00e9 o dia 22 de dezembro de 2025, um ano ap\u00f3s a queda da ponte.<\/p>\n<p>&nbsp;<\/p>\n<p>A contrata\u00e7\u00e3o foi em car\u00e1ter emergencial, ou seja, com dispensa de licita\u00e7\u00e3o. O cons\u00f3rcio Penedo-Ne\u00f3polis, formado pelas empresas Construtora Gaspar S\/A e Arteles Constru\u00e7\u00f5es Limitada, ser\u00e1 o respons\u00e1vel pelas obras.<\/p>\n<p>&nbsp;<\/p>\n<p>&nbsp;<\/p>\n<p>&nbsp;<\/p>\n<p><strong>Fonte: Folhapress<\/strong><\/p>\n<p>&nbsp;<\/p>\n","protected":false},"excerpt":{"rendered":"<p>O corpo de mais uma v\u00edtima do desabamento da ponte Juscelino Kubitschek de Oliveira, entre o Maranh\u00e3o e o Tocantins, foi resgatado na manh\u00e3 deste s\u00e1bado (4). Ainda n\u00e3o h\u00e1 identifica\u00e7\u00e3o, segundo a Marinha. &nbsp; Com isso, s\u00e3o 14 mortes confirmadas no acidente. Tr\u00eas pessoas seguem desaparecidas. &nbsp; O v\u00e3o central da ponte \u0097na BR-226, &hellip;<\/p>\n","protected":false},"author":2,"featured_media":33911,"comment_status":"open","ping_status":"open","sticky":false,"template":"","format":"standard","meta":{"_jetpack_memberships_contains_paid_content":false,"footnotes":""},"categories":[5],"tags":[],"class_list":["post-33910","post","type-post","status-publish","format-standard","has-post-thumbnail","hentry","category-brasil-mundo"],"jetpack_featured_media_url":"https:\/\/www.oparanews.com.br\/wp-content\/uploads\/2025\/01\/ponte-tocantins-cbma_widexl.jpg","jetpack_sharing_enabled":true,"_links":{"self":[{"href":"https:\/\/www.oparanews.com.br\/index.php\/wp-json\/wp\/v2\/posts\/33910","targetHints":{"allow":["GET"]}}],"collection":[{"href":"https:\/\/www.oparanews.com.br\/index.php\/wp-json\/wp\/v2\/posts"}],"about":[{"href":"https:\/\/www.oparanews.com.br\/index.php\/wp-json\/wp\/v2\/types\/post"}],"author":[{"embeddable":true,"href":"https:\/\/www.oparanews.com.br\/index.php\/wp-json\/wp\/v2\/users\/2"}],"replies":[{"embeddable":true,"href":"https:\/\/www.oparanews.com.br\/index.php\/wp-json\/wp\/v2\/comments?post=33910"}],"version-history":[{"count":1,"href":"https:\/\/www.oparanews.com.br\/index.php\/wp-json\/wp\/v2\/posts\/33910\/revisions"}],"predecessor-version":[{"id":33912,"href":"https:\/\/www.oparanews.com.br\/index.php\/wp-json\/wp\/v2\/posts\/33910\/revisions\/33912"}],"wp:featuredmedia":[{"embeddable":true,"href":"https:\/\/www.oparanews.com.br\/index.php\/wp-json\/wp\/v2\/media\/33911"}],"wp:attachment":[{"href":"https:\/\/www.oparanews.com.br\/index.php\/wp-json\/wp\/v2\/media?parent=33910"}],"wp:term":[{"taxonomy":"category","embeddable":true,"href":"https:\/\/www.oparanews.com.br\/index.php\/wp-json\/wp\/v2\/categories?post=33910"},{"taxonomy":"post_tag","embeddable":true,"href":"https:\/\/www.oparanews.com.br\/index.php\/wp-json\/wp\/v2\/tags?post=33910"}],"curies":[{"name":"wp","href":"https:\/\/api.w.org\/{rel}","templated":true}]}}