{"id":33929,"date":"2025-01-07T16:46:48","date_gmt":"2025-01-07T19:46:48","guid":{"rendered":"https:\/\/www.oparanews.com.br\/?p=33929"},"modified":"2025-01-07T16:57:20","modified_gmt":"2025-01-07T19:57:20","slug":"veja-os-horarios-das-apresentacoes-da-festa-do-bom-jesus-de-penedo-2025","status":"publish","type":"post","link":"https:\/\/www.oparanews.com.br\/index.php\/2025\/01\/07\/veja-os-horarios-das-apresentacoes-da-festa-do-bom-jesus-de-penedo-2025\/","title":{"rendered":"Veja os hor\u00e1rios das apresenta\u00e7\u00f5es da Festa do Bom Jesus de Penedo 2025"},"content":{"rendered":"<p>A tradicional Festa do Bom Jesus dos Navegantes de Penedo j\u00e1 tem data marcada e um line-up que promete agitar a cidade hist\u00f3rica entre os dias 08 e 12 de janeiro de 2025. Com grandes nomes da m\u00fasica brasileira e uma programa\u00e7\u00e3o cultural diversificada, o evento une f\u00e9, tradi\u00e7\u00e3o e muita anima\u00e7\u00e3o.<\/p>\n<p>&nbsp;<\/p>\n<p>Na programa\u00e7\u00e3o art\u00edstica, grandes shows movimentar\u00e3o as noites de Penedo na Arena Sinimbu:<\/p>\n<p>&nbsp;<\/p>\n<p><strong>Quinta-feira, 09 de janeiro<\/strong><\/p>\n<p>&nbsp;<\/p>\n<p>Pagode do DS (com convidados Rudmara e Marciel) \u2013 21h<br \/>\nPablo \u2013 23h<br \/>\nNattan \u2013 0h10<br \/>\nGui Mauriz \u2013 2h30<\/p>\n<p>&nbsp;<\/p>\n<p><strong>Sexta-feira, 10 de janeiro<\/strong><\/p>\n<p>&nbsp;<\/p>\n<p>Dudu Moral \u2013 21h30<br \/>\nNatanzinho Lima \u2013 23h<br \/>\nMari Fernandez \u2013 0h10<br \/>\nBia Martins (com participa\u00e7\u00e3o de Rikelly Souza) \u2013 2h30<\/p>\n<p>&nbsp;<\/p>\n<p><strong>S\u00e1bado, 11 de janeiro<\/strong><\/p>\n<p>&nbsp;<\/p>\n<p>Seu Desejo \u2013 22h<br \/>\nAlcemir Freitas (com convidados Sabrina Lobo e Marcello Topadinho) \u2013 23h30<br \/>\nSorriso Maroto \u2013 0h30<br \/>\nVal Valverde \u2013 2h30<\/p>\n<p>&nbsp;<\/p>\n<p>Al\u00e9m das apresenta\u00e7\u00f5es musicais, a Festa do Bom Jesus tamb\u00e9m contar\u00e1 com uma rica programa\u00e7\u00e3o cultural, refor\u00e7ando o la\u00e7o entre tradi\u00e7\u00e3o e arte em Penedo. Durante o evento, o p\u00fablico poder\u00e1 prestigiar diversas manifesta\u00e7\u00f5es culturais na Arena da F\u00e9.<\/p>\n<p>&nbsp;<\/p>\n<p>Programa\u00e7\u00e3o Cultural:<\/p>\n<p>&nbsp;<\/p>\n<p>08\/01 \u2013 Pastoril Infantil de Santa Luzia, \u00e0s 20h30.<br \/>\n09\/01 \u2013 Grupo Quebra Coco do Povoado Tabuleiro dos Negros, \u00e0s 17h, e Retreta da Banda Municipal Penedense no Palco da F\u00e9, \u00e0s 20h30.<br \/>\n10\/01 \u2013 Grupo Cultural Carimb\u00f3 da Santa Luzia, \u00e0s 17h, e Retreta da Orquestra Big Band 12 de Abril no Palco da F\u00e9, \u00e0s 21h.<br \/>\n11\/01 \u2013 Banda de P\u00edfano Santo Ant\u00f4nio, \u00e0s 8h; 4\u00ba Encontro da Vanguarda Musical Penedense, \u00e0s 9h; Orquestra Frevo Temperado e Tadeu e Seus Bonecos, \u00e0s 9h; e Evangeliza Show com Eliana Ribeiro no Palco da F\u00e9, \u00e0s 20h.<br \/>\n12\/01 \u2013 Matinal com a Banda Sociedade Musical Penedense, \u00e0s 6h, e apresenta\u00e7\u00e3o da Banda de P\u00edfano Santo Ant\u00f4nio, \u00e0s 8h.<\/p>\n<p>A Festa do Bom Jesus dos Navegantes \u00e9 uma realiza\u00e7\u00e3o da Prefeitura de Penedo com apoio do Governo de Alagoas. N\u00e3o perca a oportunidade de celebrar essa tradi\u00e7\u00e3o \u00fanica, que une f\u00e9 e cultura em um s\u00f3 lugar!<\/p>\n<p>&nbsp;<\/p>\n<p>&nbsp;<\/p>\n<p>&nbsp;<\/p>\n<p><strong>Fonte: Secom PMP<\/strong><\/p>\n<p>&nbsp;<\/p>\n","protected":false},"excerpt":{"rendered":"<p>A tradicional Festa do Bom Jesus dos Navegantes de Penedo j\u00e1 tem data marcada e um line-up que promete agitar a cidade hist\u00f3rica entre os dias 08 e 12 de janeiro de 2025. Com grandes nomes da m\u00fasica brasileira e uma programa\u00e7\u00e3o cultural diversificada, o evento une f\u00e9, tradi\u00e7\u00e3o e muita anima\u00e7\u00e3o. &nbsp; Na programa\u00e7\u00e3o &hellip;<\/p>\n","protected":false},"author":2,"featured_media":33932,"comment_status":"open","ping_status":"open","sticky":false,"template":"","format":"standard","meta":{"_jetpack_memberships_contains_paid_content":false,"footnotes":""},"categories":[1,3],"tags":[],"class_list":["post-33929","post","type-post","status-publish","format-standard","has-post-thumbnail","hentry","category-destaque","category-penedo"],"jetpack_featured_media_url":"https:\/\/www.oparanews.com.br\/wp-content\/uploads\/2025\/01\/LINE-UP_03-png.jpg","jetpack_sharing_enabled":true,"_links":{"self":[{"href":"https:\/\/www.oparanews.com.br\/index.php\/wp-json\/wp\/v2\/posts\/33929","targetHints":{"allow":["GET"]}}],"collection":[{"href":"https:\/\/www.oparanews.com.br\/index.php\/wp-json\/wp\/v2\/posts"}],"about":[{"href":"https:\/\/www.oparanews.com.br\/index.php\/wp-json\/wp\/v2\/types\/post"}],"author":[{"embeddable":true,"href":"https:\/\/www.oparanews.com.br\/index.php\/wp-json\/wp\/v2\/users\/2"}],"replies":[{"embeddable":true,"href":"https:\/\/www.oparanews.com.br\/index.php\/wp-json\/wp\/v2\/comments?post=33929"}],"version-history":[{"count":1,"href":"https:\/\/www.oparanews.com.br\/index.php\/wp-json\/wp\/v2\/posts\/33929\/revisions"}],"predecessor-version":[{"id":33931,"href":"https:\/\/www.oparanews.com.br\/index.php\/wp-json\/wp\/v2\/posts\/33929\/revisions\/33931"}],"wp:featuredmedia":[{"embeddable":true,"href":"https:\/\/www.oparanews.com.br\/index.php\/wp-json\/wp\/v2\/media\/33932"}],"wp:attachment":[{"href":"https:\/\/www.oparanews.com.br\/index.php\/wp-json\/wp\/v2\/media?parent=33929"}],"wp:term":[{"taxonomy":"category","embeddable":true,"href":"https:\/\/www.oparanews.com.br\/index.php\/wp-json\/wp\/v2\/categories?post=33929"},{"taxonomy":"post_tag","embeddable":true,"href":"https:\/\/www.oparanews.com.br\/index.php\/wp-json\/wp\/v2\/tags?post=33929"}],"curies":[{"name":"wp","href":"https:\/\/api.w.org\/{rel}","templated":true}]}}