{"id":34081,"date":"2025-01-23T23:56:36","date_gmt":"2025-01-24T02:56:36","guid":{"rendered":"https:\/\/www.oparanews.com.br\/?p=34081"},"modified":"2025-01-23T23:56:36","modified_gmt":"2025-01-24T02:56:36","slug":"fernanda-torres-e-indicada-ao-oscar-de-melhor-atriz-por-ainda-estou-aqui","status":"publish","type":"post","link":"https:\/\/www.oparanews.com.br\/index.php\/2025\/01\/23\/fernanda-torres-e-indicada-ao-oscar-de-melhor-atriz-por-ainda-estou-aqui\/","title":{"rendered":"Fernanda Torres \u00e9 indicada ao Oscar de melhor atriz por Ainda Estou Aqui"},"content":{"rendered":"<p>Fernanda Torres foi indicada ao Oscar de melhor atriz pela performance em Ainda Estou Aqui. O an\u00fancio foi feito na manh\u00e3 desta quinta-feira (23) em um evento transmitido pela internet. A cerim\u00f4nia de premia\u00e7\u00e3o est\u00e1 marcada para 2 de mar\u00e7o.<\/p>\n<p>&nbsp;<\/p>\n<p>A brasileira ir\u00e1 disputar a categoria com Demi Moore (A Subst\u00e2ncia), Mikey Madison (Anora), Karla Sof\u00eda Gasc\u00f3n (Emilia Perez) e Cynthia Erivo (Wicked).<\/p>\n<p>&nbsp;<\/p>\n<p>Fernanda Torres repete o feito da m\u00e3e, Fernanda Montenegro, indicada \u00e0 mesma categoria em 1999, por Central do Brasil. Na ocasi\u00e3o, ela acabou derrotada por Gwyneth Paltrow (Shakespeare Apaixonado).<\/p>\n<p>&nbsp;<\/p>\n<p><strong>Ainda Estou Aqui faz hist\u00f3ria com tr\u00eas indica\u00e7\u00f5es<\/strong><\/p>\n<p>&nbsp;<\/p>\n<p>Ainda Estou Aqui foi indicado a tr\u00eas categorias no Oscar, incluindo a de melhor filme, principal categoria da premia\u00e7\u00e3o. Esta \u00e9 a primeira vez que um filme brasileiro recebe a nomea\u00e7\u00e3o. O longa de Walter Salles tamb\u00e9m foi indicado melhor filme internacional.<\/p>\n<p>&nbsp;<\/p>\n<p>&nbsp;<\/p>\n<p>&nbsp;<\/p>\n<p><strong>por Mariana Barcellos &#8211; nsctotal<\/strong><\/p>\n<p>&nbsp;<\/p>\n","protected":false},"excerpt":{"rendered":"<p>Fernanda Torres foi indicada ao Oscar de melhor atriz pela performance em Ainda Estou Aqui. O an\u00fancio foi feito na manh\u00e3 desta quinta-feira (23) em um evento transmitido pela internet. A cerim\u00f4nia de premia\u00e7\u00e3o est\u00e1 marcada para 2 de mar\u00e7o. &nbsp; A brasileira ir\u00e1 disputar a categoria com Demi Moore (A Subst\u00e2ncia), Mikey Madison (Anora), &hellip;<\/p>\n","protected":false},"author":2,"featured_media":34082,"comment_status":"open","ping_status":"open","sticky":false,"template":"","format":"standard","meta":{"_jetpack_memberships_contains_paid_content":false,"footnotes":""},"categories":[5],"tags":[],"class_list":["post-34081","post","type-post","status-publish","format-standard","has-post-thumbnail","hentry","category-brasil-mundo"],"jetpack_featured_media_url":"https:\/\/www.oparanews.com.br\/wp-content\/uploads\/2025\/01\/ainda-estou-aqui-944x531-1.jpeg","jetpack_sharing_enabled":true,"_links":{"self":[{"href":"https:\/\/www.oparanews.com.br\/index.php\/wp-json\/wp\/v2\/posts\/34081","targetHints":{"allow":["GET"]}}],"collection":[{"href":"https:\/\/www.oparanews.com.br\/index.php\/wp-json\/wp\/v2\/posts"}],"about":[{"href":"https:\/\/www.oparanews.com.br\/index.php\/wp-json\/wp\/v2\/types\/post"}],"author":[{"embeddable":true,"href":"https:\/\/www.oparanews.com.br\/index.php\/wp-json\/wp\/v2\/users\/2"}],"replies":[{"embeddable":true,"href":"https:\/\/www.oparanews.com.br\/index.php\/wp-json\/wp\/v2\/comments?post=34081"}],"version-history":[{"count":1,"href":"https:\/\/www.oparanews.com.br\/index.php\/wp-json\/wp\/v2\/posts\/34081\/revisions"}],"predecessor-version":[{"id":34083,"href":"https:\/\/www.oparanews.com.br\/index.php\/wp-json\/wp\/v2\/posts\/34081\/revisions\/34083"}],"wp:featuredmedia":[{"embeddable":true,"href":"https:\/\/www.oparanews.com.br\/index.php\/wp-json\/wp\/v2\/media\/34082"}],"wp:attachment":[{"href":"https:\/\/www.oparanews.com.br\/index.php\/wp-json\/wp\/v2\/media?parent=34081"}],"wp:term":[{"taxonomy":"category","embeddable":true,"href":"https:\/\/www.oparanews.com.br\/index.php\/wp-json\/wp\/v2\/categories?post=34081"},{"taxonomy":"post_tag","embeddable":true,"href":"https:\/\/www.oparanews.com.br\/index.php\/wp-json\/wp\/v2\/tags?post=34081"}],"curies":[{"name":"wp","href":"https:\/\/api.w.org\/{rel}","templated":true}]}}