{"id":34149,"date":"2025-01-31T22:45:12","date_gmt":"2025-02-01T01:45:12","guid":{"rendered":"https:\/\/www.oparanews.com.br\/?p=34149"},"modified":"2025-01-31T22:45:12","modified_gmt":"2025-02-01T01:45:12","slug":"secretaria-de-saude-de-penedo-chama-atencao-para-o-diagnostico-precoce-da-hanseniase","status":"publish","type":"post","link":"https:\/\/www.oparanews.com.br\/index.php\/2025\/01\/31\/secretaria-de-saude-de-penedo-chama-atencao-para-o-diagnostico-precoce-da-hanseniase\/","title":{"rendered":"Secretaria de Sa\u00fade de Penedo chama aten\u00e7\u00e3o para o diagn\u00f3stico precoce da hansen\u00edase"},"content":{"rendered":"<p>O m\u00eas de Janeiro \u00e9 dedicado a a\u00e7\u00f5es de conscientiza\u00e7\u00e3o contra a hansen\u00edase, doen\u00e7a conhecida popularmente como lepra que \u00e9 caracterizada por manchas brancas nas m\u00e3os, na barriga e nas costas, geralmente com perda de sensibilidade, mas que tamb\u00e9m pode aparecer como m\u00e3os em garra.<\/p>\n<p>&nbsp;<\/p>\n<p>Para o enfrentamento da hansen\u00edase, a Prefeitura de Penedo disponibiliza o tratamento gratuito por meio do Sistema \u00danico de Sa\u00fade (SUS), assist\u00eancia viabilizada pela Secretaria Municipal de Sa\u00fade (SMS).<\/p>\n<p>&nbsp;<\/p>\n<p>Como o tratamento n\u00e3o pode ser abandonado, a fim de garantir a cura da doen\u00e7a, o tempo varia conforme a quantidade de les\u00f5es. Para hansen\u00edase paucibacilar (com menos de 5 les\u00f5es) s\u00e3o 6 meses de tratamento e para a multibacilar (com mais de cinco les\u00f5es) s\u00e3o 12 meses.<\/p>\n<p>&nbsp;<\/p>\n<p>De acordo com dados da Secretaria de Sa\u00fade de Penedo, em 2024 foram diagnosticados oito casos no munic\u00edpio, sendo 2 casos paucibacilar (com 1 cura e 1 abandono de tratamento) e 6 casos multibacilar (com 100% de cura dos pacientes).<\/p>\n<p>&nbsp;<\/p>\n<p>\u201cO diagn\u00f3stico precoce e a ades\u00e3o ao tratamento previnem as deformidades e incapacidades f\u00edsicas que a doen\u00e7a costuma apresentar durante a evolu\u00e7\u00e3o, caso o diagn\u00f3stico seja tardio. Essas complica\u00e7\u00f5es tamb\u00e9m s\u00e3o respons\u00e1veis pelo estigma e discrimina\u00e7\u00e3o em rela\u00e7\u00e3o \u00e0s pessoas acometidas\u201d, explcia a Diretora de Vigil\u00e2ncia Epidemiol\u00f3gica e Promo\u00e7\u00e3o em Sa\u00fade da SMS, Isabelle de Melo.<\/p>\n<p>&nbsp;<\/p>\n<p>A transmiss\u00e3o da hansen\u00edase acontece quando uma pessoa com a forma infectante libera a bact\u00e9ria por meio de espirros, tosse ou fala. No entanto, para que ocorra o cont\u00e1gio, \u00e9 necess\u00e1rio que uma pessoa saud\u00e1vel tenha contato prolongado com algu\u00e9m infectado.<\/p>\n<p>&nbsp;<\/p>\n<p>A doen\u00e7a pode apresentar evolu\u00e7\u00e3o lenta e progressiva e, quando n\u00e3o tratada, pode causar sequelas como deformidades e incapacidade f\u00edsicas, e comprometer os nervos perif\u00e9ricos, extremidades e a pele.<\/p>\n<p>&nbsp;<\/p>\n<p>Em caso de manchas suspeitas, perda da sensibilidade ou diminui\u00e7\u00e3o da for\u00e7a das m\u00e3os e p\u00e9s, procure uma Unidade B\u00e1sica de Sa\u00fade. O diagn\u00f3stico precoce pode evitar sequelas que ficar\u00e3o para a vida inteira.<\/p>\n<p>&nbsp;<\/p>\n<p><strong>Palestra no Grupo Vital<\/strong><\/p>\n<p>&nbsp;<\/p>\n<p>A parceria entre a Secretaria Municipal de Sa\u00fade (SMS) e o Grupo Vital segue rendendo momentos de muitas informa\u00e7\u00f5es. Nesta quinta-feira (30), funcion\u00e1rios foram orientados sobre hansen\u00edase.<\/p>\n<p>&nbsp;<\/p>\n<p>A m\u00e9dica Ver\u00f4nica Lins esclareceu as d\u00favidas sobre essa doen\u00e7a que \u00e9 muito estigmatizada, al\u00e9m da import\u00e2ncia do diagn\u00f3stico precoce.<\/p>\n<p>&nbsp;<\/p>\n<p>\u201c\u00c0s vezes n\u00f3s n\u00e3o temos no\u00e7\u00e3o que existe uma patologia como essa em nosso munic\u00edpio e com um tratamento simples dispon\u00edvel. Por isso queremos evitar novos casos, mas se aparecer, diagn\u00f3stico precoce para n\u00e3o se agravar. Hasen\u00edase tem cura e j\u00e1 no primeiro comprimido o paciente j\u00e1 parar de transmitir\u201d, informa a Dra. Ver\u00f4nica Lins.<\/p>\n<p>&nbsp;<\/p>\n<p>&nbsp;<\/p>\n<p>&nbsp;<\/p>\n<p><strong>por Gabriela Flores \u2013 jornalista e social midia SMS<\/strong><\/p>\n<p>&nbsp;<\/p>\n","protected":false},"excerpt":{"rendered":"<p>O m\u00eas de Janeiro \u00e9 dedicado a a\u00e7\u00f5es de conscientiza\u00e7\u00e3o contra a hansen\u00edase, doen\u00e7a conhecida popularmente como lepra que \u00e9 caracterizada por manchas brancas nas m\u00e3os, na barriga e nas costas, geralmente com perda de sensibilidade, mas que tamb\u00e9m pode aparecer como m\u00e3os em garra. &nbsp; Para o enfrentamento da hansen\u00edase, a Prefeitura de Penedo &hellip;<\/p>\n","protected":false},"author":2,"featured_media":34150,"comment_status":"open","ping_status":"open","sticky":false,"template":"","format":"standard","meta":{"_jetpack_memberships_contains_paid_content":false,"footnotes":""},"categories":[1,3],"tags":[],"class_list":["post-34149","post","type-post","status-publish","format-standard","has-post-thumbnail","hentry","category-destaque","category-penedo"],"jetpack_featured_media_url":"https:\/\/www.oparanews.com.br\/wp-content\/uploads\/2025\/01\/Sem-titulo-41.png","jetpack_sharing_enabled":true,"_links":{"self":[{"href":"https:\/\/www.oparanews.com.br\/index.php\/wp-json\/wp\/v2\/posts\/34149","targetHints":{"allow":["GET"]}}],"collection":[{"href":"https:\/\/www.oparanews.com.br\/index.php\/wp-json\/wp\/v2\/posts"}],"about":[{"href":"https:\/\/www.oparanews.com.br\/index.php\/wp-json\/wp\/v2\/types\/post"}],"author":[{"embeddable":true,"href":"https:\/\/www.oparanews.com.br\/index.php\/wp-json\/wp\/v2\/users\/2"}],"replies":[{"embeddable":true,"href":"https:\/\/www.oparanews.com.br\/index.php\/wp-json\/wp\/v2\/comments?post=34149"}],"version-history":[{"count":1,"href":"https:\/\/www.oparanews.com.br\/index.php\/wp-json\/wp\/v2\/posts\/34149\/revisions"}],"predecessor-version":[{"id":34151,"href":"https:\/\/www.oparanews.com.br\/index.php\/wp-json\/wp\/v2\/posts\/34149\/revisions\/34151"}],"wp:featuredmedia":[{"embeddable":true,"href":"https:\/\/www.oparanews.com.br\/index.php\/wp-json\/wp\/v2\/media\/34150"}],"wp:attachment":[{"href":"https:\/\/www.oparanews.com.br\/index.php\/wp-json\/wp\/v2\/media?parent=34149"}],"wp:term":[{"taxonomy":"category","embeddable":true,"href":"https:\/\/www.oparanews.com.br\/index.php\/wp-json\/wp\/v2\/categories?post=34149"},{"taxonomy":"post_tag","embeddable":true,"href":"https:\/\/www.oparanews.com.br\/index.php\/wp-json\/wp\/v2\/tags?post=34149"}],"curies":[{"name":"wp","href":"https:\/\/api.w.org\/{rel}","templated":true}]}}