{"id":34360,"date":"2025-03-03T16:46:41","date_gmt":"2025-03-03T19:46:41","guid":{"rendered":"https:\/\/www.oparanews.com.br\/?p=34360"},"modified":"2025-03-03T16:46:41","modified_gmt":"2025-03-03T19:46:41","slug":"programacao-do-carnaval-segue-animando-penedo-com-blocos-e-folias-nos-bairros-e-povoados","status":"publish","type":"post","link":"https:\/\/www.oparanews.com.br\/index.php\/2025\/03\/03\/programacao-do-carnaval-segue-animando-penedo-com-blocos-e-folias-nos-bairros-e-povoados\/","title":{"rendered":"Programa\u00e7\u00e3o do carnaval segue animando Penedo com blocos e folias nos bairros e povoados"},"content":{"rendered":"<p>O Carnaval em Penedo continua levando alegria e tradi\u00e7\u00e3o para os foli\u00f5es que aproveitam os \u00faltimos dias da festa. A programa\u00e7\u00e3o segue com blocos e eventos espalhados pela cidade, garantindo momentos de descontra\u00e7\u00e3o e cultura popular.<\/p>\n<p>&nbsp;<\/p>\n<p>Confira as pr\u00f3ximas atra\u00e7\u00f5es que prometem animar as ruas de Penedo:<\/p>\n<p>&nbsp;<\/p>\n<p><strong>Segunda, 03 de mar\u00e7o<\/strong><\/p>\n<p>Coreia Folia \u2013 Bairro Nossa Senhora de F\u00e1tima<\/p>\n<p>Legi\u00e3o de Amigos \u2013 Pra\u00e7a de Santa Cruz<\/p>\n<p>Hor\u00e1rio: 14h<\/p>\n<p>Jambo Folia \u2013 Pra\u00e7a Leoncio Matias, povoado Tabuleiro dos Negros<\/p>\n<p>Hor\u00e1rio: 17h<\/p>\n<p>Os Pernalongas \u2013 Pra\u00e7a Clementino do Monte<\/p>\n<p>Hor\u00e1rio: 20h<\/p>\n<p>&nbsp;<\/p>\n<p><strong>Ter\u00e7a-feira, 04 de mar\u00e7o<\/strong><\/p>\n<p>&nbsp;<\/p>\n<p>Boneca Sulamita \u2013 Pra\u00e7a de Santa Luzia<\/p>\n<p>Hor\u00e1rio: 16h<\/p>\n<p>Jambo Folia \u2013 Pra\u00e7a Leoncio Matias, povoado Tabuleiro dos Negros<\/p>\n<p>Hor\u00e1rio: 17h<\/p>\n<p>Bloco O Chip \u2013 Pra\u00e7a de Santa Luzia<\/p>\n<p>Hor\u00e1rio: 20h<\/p>\n<p>&nbsp;<\/p>\n<p><strong>S\u00e1bado, 08 de mar\u00e7o<\/strong><\/p>\n<p>&nbsp;<\/p>\n<p>Frevo Temperado 20 Anos \u2013 Pra\u00e7a do bairro Senhor do Bonfim<\/p>\n<p>Hor\u00e1rio: 18h<\/p>\n<p>&nbsp;<\/p>\n<p>A festa continua para quem ainda tem energia e deseja aproveitar cada momento desse per\u00edodo t\u00e3o especial. Penedo segue acelerando na cultura e no entretenimento, fortalecendo suas tradi\u00e7\u00f5es carnavalescas e valorizando os blocos locais que movimentam a cidade.<\/p>\n<p>&nbsp;<\/p>\n<p>Fique ligado na programa\u00e7\u00e3o e aproveite o carnaval com alegria e responsabilidade!<\/p>\n<p>&nbsp;<\/p>\n<p>&nbsp;<\/p>\n<p>&nbsp;<\/p>\n<p><strong>Fonte: Secom PMP<\/strong><\/p>\n<p>&nbsp;<\/p>\n","protected":false},"excerpt":{"rendered":"<p>O Carnaval em Penedo continua levando alegria e tradi\u00e7\u00e3o para os foli\u00f5es que aproveitam os \u00faltimos dias da festa. A programa\u00e7\u00e3o segue com blocos e eventos espalhados pela cidade, garantindo momentos de descontra\u00e7\u00e3o e cultura popular. &nbsp; Confira as pr\u00f3ximas atra\u00e7\u00f5es que prometem animar as ruas de Penedo: &nbsp; Segunda, 03 de mar\u00e7o Coreia Folia &hellip;<\/p>\n","protected":false},"author":2,"featured_media":34361,"comment_status":"open","ping_status":"open","sticky":false,"template":"","format":"standard","meta":{"_jetpack_memberships_contains_paid_content":false,"footnotes":""},"categories":[1,3],"tags":[],"class_list":["post-34360","post","type-post","status-publish","format-standard","has-post-thumbnail","hentry","category-destaque","category-penedo"],"jetpack_featured_media_url":"https:\/\/www.oparanews.com.br\/wp-content\/uploads\/2025\/03\/Sem-titulo.png","jetpack_sharing_enabled":true,"_links":{"self":[{"href":"https:\/\/www.oparanews.com.br\/index.php\/wp-json\/wp\/v2\/posts\/34360","targetHints":{"allow":["GET"]}}],"collection":[{"href":"https:\/\/www.oparanews.com.br\/index.php\/wp-json\/wp\/v2\/posts"}],"about":[{"href":"https:\/\/www.oparanews.com.br\/index.php\/wp-json\/wp\/v2\/types\/post"}],"author":[{"embeddable":true,"href":"https:\/\/www.oparanews.com.br\/index.php\/wp-json\/wp\/v2\/users\/2"}],"replies":[{"embeddable":true,"href":"https:\/\/www.oparanews.com.br\/index.php\/wp-json\/wp\/v2\/comments?post=34360"}],"version-history":[{"count":1,"href":"https:\/\/www.oparanews.com.br\/index.php\/wp-json\/wp\/v2\/posts\/34360\/revisions"}],"predecessor-version":[{"id":34362,"href":"https:\/\/www.oparanews.com.br\/index.php\/wp-json\/wp\/v2\/posts\/34360\/revisions\/34362"}],"wp:featuredmedia":[{"embeddable":true,"href":"https:\/\/www.oparanews.com.br\/index.php\/wp-json\/wp\/v2\/media\/34361"}],"wp:attachment":[{"href":"https:\/\/www.oparanews.com.br\/index.php\/wp-json\/wp\/v2\/media?parent=34360"}],"wp:term":[{"taxonomy":"category","embeddable":true,"href":"https:\/\/www.oparanews.com.br\/index.php\/wp-json\/wp\/v2\/categories?post=34360"},{"taxonomy":"post_tag","embeddable":true,"href":"https:\/\/www.oparanews.com.br\/index.php\/wp-json\/wp\/v2\/tags?post=34360"}],"curies":[{"name":"wp","href":"https:\/\/api.w.org\/{rel}","templated":true}]}}