{"id":34386,"date":"2025-03-05T22:10:19","date_gmt":"2025-03-06T01:10:19","guid":{"rendered":"https:\/\/www.oparanews.com.br\/?p=34386"},"modified":"2025-03-05T22:12:38","modified_gmt":"2025-03-06T01:12:38","slug":"na-despedida-de-neguinho-beija-flor-conquista-15o-titulo","status":"publish","type":"post","link":"https:\/\/www.oparanews.com.br\/index.php\/2025\/03\/05\/na-despedida-de-neguinho-beija-flor-conquista-15o-titulo\/","title":{"rendered":"Na despedida de Neguinho, Beija-Flor conquista 15\u00ba t\u00edtulo"},"content":{"rendered":"<div id=\"chunk-bdvnp\">\n<div class=\"mc-column content-text active-extra-styles \" data-block-type=\"unstyled\" data-block-weight=\"41\" data-block-id=\"2\">\n<p class=\" content-text__container \" data-track-category=\"Link no Texto\" data-track-links=\"\" data-mrf-recirculation=\"Mat\u00e9ria - Links no Texto\">A\u00a0<a class=\"\" href=\"https:\/\/g1.globo.com\/carnaval\/escola-de-samba\/beija-flor-de-nilopolis\/\" data-mrf-link=\"https:\/\/g1.globo.com\/carnaval\/escola-de-samba\/beija-flor-de-nilopolis\/\">Beija-Flor de Nil\u00f3polis<\/a>\u00a0\u00e9 a campe\u00e3 do carnaval 2025 no\u00a0<a class=\"\" href=\"https:\/\/g1.globo.com\/rj\/rio-de-janeiro\/cidade\/rio-de-janeiro\/\" data-mrf-link=\"https:\/\/g1.globo.com\/rj\/rio-de-janeiro\/cidade\/rio-de-janeiro\/\">Rio de Janeiro<\/a>! A\u00a0Deusa da Passarela\u00a0chegou ao seu\u00a015\u00ba t\u00edtulo\u00a0com uma homenagem a La\u00edla (1943-2021), lend\u00e1rio diretor de carnaval e respons\u00e1vel pela maioria dos campeonatos da escola.<\/p>\n<p data-track-category=\"Link no Texto\" data-track-links=\"\" data-mrf-recirculation=\"Mat\u00e9ria - Links no Texto\">\n<\/div>\n<\/div>\n<div class=\"wall protected-content\">\n<div id=\"chunk-e0ktr\">\n<div class=\"mc-column content-text active-extra-styles \" data-block-type=\"unstyled\" data-block-weight=\"40\" data-block-id=\"4\">\n<p class=\" content-text__container \" data-track-category=\"Link no Texto\" data-track-links=\"\" data-mrf-recirculation=\"Mat\u00e9ria - Links no Texto\">Em seu \u00faltimo ano como int\u00e9rprete,\u00a0<a class=\"\" href=\"https:\/\/g1.globo.com\/tudo-sobre\/neguinho-da-beija-flor\/\" data-mrf-link=\"https:\/\/g1.globo.com\/tudo-sobre\/neguinho-da-beija-flor\/\">Neguinho da Beija-Flor<\/a>\u00a0emocionou o p\u00fablico j\u00e1 na concentra\u00e7\u00e3o \u2014\u00a0<a class=\"\" href=\"https:\/\/g1.globo.com\/rj\/rio-de-janeiro\/carnaval\/2025\/noticia\/2025\/03\/03\/o-ultimo-esquenta-veja-quais-foram-os-classicos-escolhidos-por-neguinho-da-beija-flor-antes-de-entrar-na-avenida.ghtml\" data-mrf-link=\"https:\/\/g1.globo.com\/rj\/rio-de-janeiro\/carnaval\/2025\/noticia\/2025\/03\/03\/o-ultimo-esquenta-veja-quais-foram-os-classicos-escolhidos-por-neguinho-da-beija-flor-antes-de-entrar-na-avenida.ghtml\">quando cantou a pedra de que voltaria no S\u00e1bado das Campe\u00e3s<\/a>.\u00a0<span class=\"highlight highlighted\">Profetizou:<\/span>\u00a0vai encerrar\u00a0<a class=\"\" href=\"https:\/\/g1.globo.com\/rj\/rio-de-janeiro\/carnaval\/2025\/noticia\/2025\/03\/05\/desfile-das-campeas-6-escolas-voltam-a-sapucai-no-sabado.ghtml\" data-mrf-link=\"https:\/\/g1.globo.com\/rj\/rio-de-janeiro\/carnaval\/2025\/noticia\/2025\/03\/05\/desfile-das-campeas-6-escolas-voltam-a-sapucai-no-sabado.ghtml\">o cortejo do pr\u00f3ximo dia 8<\/a>\u00a0como o grande vencedor.<\/p>\n<p data-track-category=\"Link no Texto\" data-track-links=\"\" data-mrf-recirculation=\"Mat\u00e9ria - Links no Texto\">\n<\/div>\n<\/div>\n<\/div>\n<p data-track-category=\"Link no Texto\" data-track-links=\"\" data-mrf-recirculation=\"Mat\u00e9ria - Links no Texto\">Foi uma\u00a0chuva de 10.0\u00a0para La\u00edla: a nilopolitana\u00a0<span class=\"highlight highlighted\">\u201cgabaritou\u201d 7 dos 9 quesitos<\/span>. Tirou um 9.9 em Alegorias e Adere\u00e7os e outro 9.9 em Harmonia \u2014\u00a0<a class=\"\" href=\"https:\/\/g1.globo.com\/rj\/rio-de-janeiro\/carnaval\/2025\/noticia\/2025\/03\/05\/carnaval-2025-veja-as-notas-da-apuracao-no-rj.ghtml\" data-mrf-link=\"https:\/\/g1.globo.com\/rj\/rio-de-janeiro\/carnaval\/2025\/noticia\/2025\/03\/05\/carnaval-2025-veja-as-notas-da-apuracao-no-rj.ghtml\">essas notas acabaram descartadas<\/a>, e a escola encerrou a totaliza\u00e7\u00e3o com\u00a0270 pontos, o m\u00e1ximo poss\u00edvel.<\/p>\n<div id=\"chunk-cp52f\">\n<div class=\"mc-column content-text active-extra-styles \" data-block-type=\"unstyled\" data-block-weight=\"54\" data-block-id=\"7\">\n<p data-track-category=\"Link no Texto\" data-track-links=\"\" data-mrf-recirculation=\"Mat\u00e9ria - Links no Texto\">\n<p data-track-category=\"Link no Texto\" data-track-links=\"\" data-mrf-recirculation=\"Mat\u00e9ria - Links no Texto\">\n<p class=\" content-text__container \" data-track-category=\"Link no Texto\" data-track-links=\"\" data-mrf-recirculation=\"Mat\u00e9ria - Links no Texto\"><span class=\"highlight highlighted\">Mas foi uma apura\u00e7\u00e3o parelha.<\/span>\u00a0Beija-Flor e\u00a0<a class=\"\" href=\"https:\/\/g1.globo.com\/carnaval\/escola-de-samba\/imperatriz-leopoldinense\/\" data-mrf-link=\"https:\/\/g1.globo.com\/carnaval\/escola-de-samba\/imperatriz-leopoldinense\/\">Imperatriz Leopoldinense<\/a>\u00a0dividiram o 1\u00ba lugar por 6 quesitos. No 7\u00ba, Fantasias, a Verde e Branca de Ramos perdeu 1 d\u00e9cimo nas notas v\u00e1lidas \u2014 e n\u00e3o voltaria mais \u00e0 disputa. O vice-campeonato ficou com a\u00a0<a class=\"\" href=\"https:\/\/g1.globo.com\/carnaval\/escola-de-samba\/academicos-do-grande-rio\/\" data-mrf-link=\"https:\/\/g1.globo.com\/carnaval\/escola-de-samba\/academicos-do-grande-rio\/\">Acad\u00eamicos do Grande Rio<\/a>, pela diferen\u00e7a m\u00ednimo de 1 d\u00e9cimo:\u00a0269.9.<\/p>\n<\/div>\n<\/div>\n<div id=\"chunk-5ovls\">\n<div class=\"mc-column content-text active-extra-styles \" data-block-type=\"unstyled\" data-block-weight=\"20\" data-block-id=\"8\">\n<p data-track-category=\"Link no Texto\" data-track-links=\"\" data-mrf-recirculation=\"Mat\u00e9ria - Links no Texto\">\n<p data-track-category=\"Link no Texto\" data-track-links=\"\" data-mrf-recirculation=\"Mat\u00e9ria - Links no Texto\">\n<p class=\" content-text__container \" data-track-category=\"Link no Texto\" data-track-links=\"\" data-mrf-recirculation=\"Mat\u00e9ria - Links no Texto\">No oposto da tabela, com\u00a0266.8 pontos, a\u00a0<a class=\"\" href=\"https:\/\/g1.globo.com\/carnaval\/escola-de-samba\/unidos-de-padre-miguel\/\" data-mrf-link=\"https:\/\/g1.globo.com\/carnaval\/escola-de-samba\/unidos-de-padre-miguel\/\">Unidos de Padre Miguel<\/a>\u00a0terminou em \u00faltimo\u00a0<a class=\"\" href=\"https:\/\/g1.globo.com\/rj\/rio-de-janeiro\/carnaval\/2025\/noticia\/2025\/03\/05\/unidos-de-padre-miguel-e-rebaixada-e-volta-para-a-serie-ouro.ghtml\" data-mrf-link=\"https:\/\/g1.globo.com\/rj\/rio-de-janeiro\/carnaval\/2025\/noticia\/2025\/03\/05\/unidos-de-padre-miguel-e-rebaixada-e-volta-para-a-serie-ouro.ghtml\">e retornar\u00e1 \u00e0 S\u00e9rie Ouro<\/a>.<\/p>\n<\/div>\n<\/div>\n<div id=\"chunk-8bnk\">\n<div class=\"mc-column content-text active-extra-styles \" data-block-type=\"unstyled\" data-block-weight=\"36\" data-block-id=\"9\">\n<p data-track-category=\"Link no Texto\" data-track-links=\"\" data-mrf-recirculation=\"Mat\u00e9ria - Links no Texto\">\n<p data-track-category=\"Link no Texto\" data-track-links=\"\" data-mrf-recirculation=\"Mat\u00e9ria - Links no Texto\">\n<p class=\" content-text__container \" data-track-category=\"Link no Texto\" data-track-links=\"\" data-mrf-recirculation=\"Mat\u00e9ria - Links no Texto\">A Azul e Branca\u00a0<a class=\"\" href=\"https:\/\/g1.globo.com\/rj\/rio-de-janeiro\/carnaval\/2025\/noticia\/2025\/03\/05\/beija-flor-campea-do-carnaval-do-rio-veja-como-fica-o-ranking-das-escolas-de-samba-com-mais-titulos.ghtml\" data-mrf-link=\"https:\/\/g1.globo.com\/rj\/rio-de-janeiro\/carnaval\/2025\/noticia\/2025\/03\/05\/beija-flor-campea-do-carnaval-do-rio-veja-como-fica-o-ranking-das-escolas-de-samba-com-mais-titulos.ghtml\">avan\u00e7ou mais um degrau entre os maiores campe\u00f5es<\/a>. Portela tem 22 vit\u00f3rias; Mangueira, 20; e Beija-Flor, agora, 15.\u00a0<a class=\"\" href=\"https:\/\/g1.globo.com\/rj\/rio-de-janeiro\/carnaval\/2018\/noticia\/escola-de-nilopolis-fez-criticas-a-corrupcao-desigualdade-a-violencia-e-intolerancias.ghtml\" data-mrf-link=\"https:\/\/g1.globo.com\/rj\/rio-de-janeiro\/carnaval\/2018\/noticia\/escola-de-nilopolis-fez-criticas-a-corrupcao-desigualdade-a-violencia-e-intolerancias.ghtml\">O \u00faltimo t\u00edtulo tinha sido em 2018<\/a>\u00a0\u2014 e teve o dedo de La\u00edla.<\/p>\n<\/div>\n<\/div>\n<p data-track-category=\"Link no Texto\" data-track-links=\"\" data-mrf-recirculation=\"Mat\u00e9ria - Links no Texto\">\n<p data-track-category=\"Link no Texto\" data-track-links=\"\" data-mrf-recirculation=\"Mat\u00e9ria - Links no Texto\">\n<p data-track-category=\"Link no Texto\" data-track-links=\"\" data-mrf-recirculation=\"Mat\u00e9ria - Links no Texto\">\n<p data-track-category=\"Link no Texto\" data-track-links=\"\" data-mrf-recirculation=\"Mat\u00e9ria - Links no Texto\">\n<p data-track-category=\"Link no Texto\" data-track-links=\"\" data-mrf-recirculation=\"Mat\u00e9ria - Links no Texto\">\n<p data-track-category=\"Link no Texto\" data-track-links=\"\" data-mrf-recirculation=\"Mat\u00e9ria - Links no Texto\">Por\u00a0<a class=\"multi_signatures\" href=\"https:\/\/g1.globo.com\/autores\/eduardo-pierre\/\">Eduardo Pierre<\/a>, g1 Rio<\/p>\n<p data-track-category=\"Link no Texto\" data-track-links=\"\" data-mrf-recirculation=\"Mat\u00e9ria - Links no Texto\">\n","protected":false},"excerpt":{"rendered":"<p>A\u00a0Beija-Flor de Nil\u00f3polis\u00a0\u00e9 a campe\u00e3 do carnaval 2025 no\u00a0Rio de Janeiro! A\u00a0Deusa da Passarela\u00a0chegou ao seu\u00a015\u00ba t\u00edtulo\u00a0com uma homenagem a La\u00edla (1943-2021), lend\u00e1rio diretor de carnaval e respons\u00e1vel pela maioria dos campeonatos da escola. Em seu \u00faltimo ano como int\u00e9rprete,\u00a0Neguinho da Beija-Flor\u00a0emocionou o p\u00fablico j\u00e1 na concentra\u00e7\u00e3o \u2014\u00a0quando cantou a pedra de que voltaria no &hellip;<\/p>\n","protected":false},"author":2,"featured_media":34387,"comment_status":"open","ping_status":"open","sticky":false,"template":"","format":"standard","meta":{"_jetpack_memberships_contains_paid_content":false,"footnotes":""},"categories":[5],"tags":[],"class_list":["post-34386","post","type-post","status-publish","format-standard","has-post-thumbnail","hentry","category-brasil-mundo"],"jetpack_featured_media_url":"https:\/\/www.oparanews.com.br\/wp-content\/uploads\/2025\/03\/neguinho2.avif","jetpack_sharing_enabled":true,"_links":{"self":[{"href":"https:\/\/www.oparanews.com.br\/index.php\/wp-json\/wp\/v2\/posts\/34386","targetHints":{"allow":["GET"]}}],"collection":[{"href":"https:\/\/www.oparanews.com.br\/index.php\/wp-json\/wp\/v2\/posts"}],"about":[{"href":"https:\/\/www.oparanews.com.br\/index.php\/wp-json\/wp\/v2\/types\/post"}],"author":[{"embeddable":true,"href":"https:\/\/www.oparanews.com.br\/index.php\/wp-json\/wp\/v2\/users\/2"}],"replies":[{"embeddable":true,"href":"https:\/\/www.oparanews.com.br\/index.php\/wp-json\/wp\/v2\/comments?post=34386"}],"version-history":[{"count":5,"href":"https:\/\/www.oparanews.com.br\/index.php\/wp-json\/wp\/v2\/posts\/34386\/revisions"}],"predecessor-version":[{"id":34392,"href":"https:\/\/www.oparanews.com.br\/index.php\/wp-json\/wp\/v2\/posts\/34386\/revisions\/34392"}],"wp:featuredmedia":[{"embeddable":true,"href":"https:\/\/www.oparanews.com.br\/index.php\/wp-json\/wp\/v2\/media\/34387"}],"wp:attachment":[{"href":"https:\/\/www.oparanews.com.br\/index.php\/wp-json\/wp\/v2\/media?parent=34386"}],"wp:term":[{"taxonomy":"category","embeddable":true,"href":"https:\/\/www.oparanews.com.br\/index.php\/wp-json\/wp\/v2\/categories?post=34386"},{"taxonomy":"post_tag","embeddable":true,"href":"https:\/\/www.oparanews.com.br\/index.php\/wp-json\/wp\/v2\/tags?post=34386"}],"curies":[{"name":"wp","href":"https:\/\/api.w.org\/{rel}","templated":true}]}}