{"id":34640,"date":"2025-04-11T17:14:28","date_gmt":"2025-04-11T20:14:28","guid":{"rendered":"https:\/\/www.oparanews.com.br\/?p=34640"},"modified":"2025-04-11T17:14:28","modified_gmt":"2025-04-11T20:14:28","slug":"aprovados-no-concurso-da-prefeitura-de-penedo-tomam-posse","status":"publish","type":"post","link":"https:\/\/www.oparanews.com.br\/index.php\/2025\/04\/11\/aprovados-no-concurso-da-prefeitura-de-penedo-tomam-posse\/","title":{"rendered":"Aprovados no concurso da Prefeitura de Penedo tomam posse"},"content":{"rendered":"<p>Mais sete pessoas aprovadas no concurso da Prefeitura de Penedo passam a fazer parte do quadro do funcionalismo municipal, contingente empossado nesta quinta-feira, 11.<\/p>\n<p>&nbsp;<\/p>\n<p>&nbsp;<\/p>\n<p>O ato que oficializa o ingresso no servi\u00e7o p\u00fablico reuniu servidores e familiares no gabinete do Prefeito Ronaldo Lopes.<\/p>\n<p>&nbsp;<\/p>\n<p>&nbsp;<\/p>\n<p>O gestor que havia acabado de participar da abertura da 8\u00aa ECriativa deu as boas vindas aos trabalhadores e trabalhadoras que ir\u00e3o ocupar vagas nas secretarias de educa\u00e7\u00e3o e sa\u00fade e na SMTT.<\/p>\n<p>&nbsp;<\/p>\n<p>&nbsp;<\/p>\n<p>\u201cEsses servidores est\u00e3o sendo empossados agora, na vaga de alguns aprovados no nosso concurso, porque houve desist\u00eancia. Por isso fizemos a convoca\u00e7\u00e3o, seguindo a ordem de classifica\u00e7\u00e3o, conforme determinado no edital\u201d, informa o prefeito penedense.<\/p>\n<p>&nbsp;<\/p>\n<p>&nbsp;<\/p>\n<p>O ato oficial foi acompanhado pelo Secret\u00e1rio Municipal de Planejamento e Gest\u00e3o, Gustavo de Alencar; Luciano Lucena, Secret\u00e1rio Municipal de Educa\u00e7\u00e3o; e Alfredo Pereira, presidente do Penedo Previd\u00eancia, instituto municipal que administra a aposentadoria dos servidores e servidoras.<\/p>\n<p>&nbsp;<\/p>\n<p>&nbsp;<\/p>\n<p>&nbsp;<\/p>\n<p>&nbsp;<\/p>\n<p><strong>Fonte: Secom PMP<\/strong><\/p>\n<p>&nbsp;<\/p>\n","protected":false},"excerpt":{"rendered":"<p>Mais sete pessoas aprovadas no concurso da Prefeitura de Penedo passam a fazer parte do quadro do funcionalismo municipal, contingente empossado nesta quinta-feira, 11. &nbsp; &nbsp; O ato que oficializa o ingresso no servi\u00e7o p\u00fablico reuniu servidores e familiares no gabinete do Prefeito Ronaldo Lopes. &nbsp; &nbsp; O gestor que havia acabado de participar da &hellip;<\/p>\n","protected":false},"author":2,"featured_media":34641,"comment_status":"open","ping_status":"open","sticky":false,"template":"","format":"standard","meta":{"_jetpack_memberships_contains_paid_content":false,"footnotes":""},"categories":[1,3],"tags":[],"class_list":["post-34640","post","type-post","status-publish","format-standard","has-post-thumbnail","hentry","category-destaque","category-penedo"],"jetpack_featured_media_url":"https:\/\/www.oparanews.com.br\/wp-content\/uploads\/2025\/04\/Sem-titulo-12.png","jetpack_sharing_enabled":true,"_links":{"self":[{"href":"https:\/\/www.oparanews.com.br\/index.php\/wp-json\/wp\/v2\/posts\/34640","targetHints":{"allow":["GET"]}}],"collection":[{"href":"https:\/\/www.oparanews.com.br\/index.php\/wp-json\/wp\/v2\/posts"}],"about":[{"href":"https:\/\/www.oparanews.com.br\/index.php\/wp-json\/wp\/v2\/types\/post"}],"author":[{"embeddable":true,"href":"https:\/\/www.oparanews.com.br\/index.php\/wp-json\/wp\/v2\/users\/2"}],"replies":[{"embeddable":true,"href":"https:\/\/www.oparanews.com.br\/index.php\/wp-json\/wp\/v2\/comments?post=34640"}],"version-history":[{"count":1,"href":"https:\/\/www.oparanews.com.br\/index.php\/wp-json\/wp\/v2\/posts\/34640\/revisions"}],"predecessor-version":[{"id":34642,"href":"https:\/\/www.oparanews.com.br\/index.php\/wp-json\/wp\/v2\/posts\/34640\/revisions\/34642"}],"wp:featuredmedia":[{"embeddable":true,"href":"https:\/\/www.oparanews.com.br\/index.php\/wp-json\/wp\/v2\/media\/34641"}],"wp:attachment":[{"href":"https:\/\/www.oparanews.com.br\/index.php\/wp-json\/wp\/v2\/media?parent=34640"}],"wp:term":[{"taxonomy":"category","embeddable":true,"href":"https:\/\/www.oparanews.com.br\/index.php\/wp-json\/wp\/v2\/categories?post=34640"},{"taxonomy":"post_tag","embeddable":true,"href":"https:\/\/www.oparanews.com.br\/index.php\/wp-json\/wp\/v2\/tags?post=34640"}],"curies":[{"name":"wp","href":"https:\/\/api.w.org\/{rel}","templated":true}]}}