{"id":34837,"date":"2025-05-08T17:24:17","date_gmt":"2025-05-08T20:24:17","guid":{"rendered":"https:\/\/www.oparanews.com.br\/?p=34837"},"modified":"2025-05-08T17:24:17","modified_gmt":"2025-05-08T20:24:17","slug":"disputa-pela-guarda-de-crianca-motivou-assassinato-brutal-com-golpes-de-foice","status":"publish","type":"post","link":"https:\/\/www.oparanews.com.br\/index.php\/2025\/05\/08\/disputa-pela-guarda-de-crianca-motivou-assassinato-brutal-com-golpes-de-foice\/","title":{"rendered":"Disputa pela guarda de crian\u00e7a motivou assassinato brutal com golpes de foice"},"content":{"rendered":"<p>A Pol\u00edcia Civil de Alagoas revelou, nesta quinta-feira (8), que a motiva\u00e7\u00e3o para o\u00a0<a class=\"\" href=\"https:\/\/g1.globo.com\/al\/alagoas\/noticia\/2025\/05\/06\/homem-e-assassinado-com-16-golpes-de-foice-em-campo-alegre-cameras-registram-momento-do-crime.ghtml\" data-mrf-link=\"https:\/\/g1.globo.com\/al\/alagoas\/noticia\/2025\/05\/06\/homem-e-assassinado-com-16-golpes-de-foice-em-campo-alegre-cameras-registram-momento-do-crime.ghtml\">assassinato brutal de Sebasti\u00e3o da Silva, de 56 anos, ocorrido na cidade de Campo Alegre<\/a>, interior do estado,\u00a0<span class=\"highlight highlighted\">foi uma antiga disputa entre fam\u00edlias pela guarda de uma crian\u00e7a de 5 anos<\/span>. O crime, registrado por c\u00e2meras de seguran\u00e7a, chocou a popula\u00e7\u00e3o pela viol\u00eancia e frieza dos agressores<\/p>\n<p>&nbsp;<\/p>\n<p>&nbsp;<\/p>\n<div id=\"chunk-o45l\">\n<div class=\"mc-column content-text active-extra-styles \" data-block-type=\"unstyled\" data-block-weight=\"57\" data-block-id=\"6\">\n<p class=\" content-text__container \" data-track-category=\"Link no Texto\" data-track-links=\"\" data-mrf-recirculation=\"Mat\u00e9ria - Links no Texto\">O delegado Fl\u00e1vio Dutra, respons\u00e1vel pelas investiga\u00e7\u00f5es, disse ao\u00a0<a class=\"\" href=\"http:\/\/g1.com.br\/alagoas\" target=\"_blank\" rel=\"noopener\" data-mrf-link=\"http:\/\/g1.com.br\/alagoas\">g1<\/a>\u00a0que os\u00a0<span class=\"highlight highlighted\">dois suspeitos, relataram em interrogat\u00f3rio que havia uma s\u00e9rie de amea\u00e7as trocadas entre as fam\u00edlias<\/span>,\u00a0<strong>envolvendo a guarda da crian\u00e7a, neta de Sebasti\u00e3o e tamb\u00e9m neta da m\u00e3e dos agressores<\/strong>.\u00a0<span class=\"highlight highlighted\">Os suspeitos s\u00e3o irm\u00e3os. Um foi preso e outro apreendido no mesmo dia do crime.<\/span><\/p>\n<\/div>\n<\/div>\n<div class=\"content-ads content-ads--reveal\" data-block-type=\"ads\" data-block-id=\"7\"><\/div>\n<div data-block-type=\"ads\" data-block-id=\"7\"><\/div>\n<div id=\"chunk-dk8sf\">\n<div class=\"mc-column content-text active-extra-styles\" data-block-type=\"raw\" data-block-weight=\"66\" data-block-id=\"8\">\n<p class=\"content-text__container\" data-mrf-recirculation=\"Mat\u00e9ria - Links no Texto\">\n<blockquote class=\"content-blockquote theme-border-color-primary-before\"><p>\u201cEles contaram que, na noite anterior, a v\u00edtima teria amea\u00e7ado a genitora deles por conta dessa disputa familiar. Disse que, caso algo acontecesse com a neta, ele usaria um fac\u00e3o. E, segundo os autores, no momento em que encontraram Sebasti\u00e3o, ele estaria armado com esse fac\u00e3o,\u00a0<span class=\"highlight highlighted\">o que n\u00e3o se confirmou nas imagens<\/span>. A partir disso, planejaram o ataque para a manh\u00e3 seguinte\u201d, explicou o delegado.<\/p><\/blockquote>\n<\/div>\n<\/div>\n<p>&nbsp;<\/p>\n<p>&nbsp;<\/p>\n<div id=\"chunk-32rvr\">\n<div class=\"mc-column content-text active-extra-styles \" data-block-type=\"unstyled\" data-block-weight=\"62\" data-block-id=\"9\">\n<p class=\" content-text__container \" data-track-category=\"Link no Texto\" data-track-links=\"\" data-mrf-recirculation=\"Mat\u00e9ria - Links no Texto\">O crime aconteceu na manh\u00e3 da \u00faltima segunda-feira (6), no munic\u00edpio de\u00a0<a class=\"\" href=\"https:\/\/g1.globo.com\/al\/alagoas\/cidade\/campo-alegre-al\/\" data-mrf-link=\"https:\/\/g1.globo.com\/al\/alagoas\/cidade\/campo-alegre-al\/\">Campo Alegre<\/a>, no Agreste de Alagoas. Sebasti\u00e3o da Silva foi assassinado com golpes de foice enquanto seguia de bicicleta para o trabalho. C\u00e2meras de seguran\u00e7a flagraram a a\u00e7\u00e3o violenta. As imagens mostram o momento em que os agressores se aproximam da v\u00edtima, que tenta fugir, mas \u00e9 brutalmente atacada.<\/p>\n<\/div>\n<\/div>\n<p data-track-category=\"Link no Texto\" data-track-links=\"\" data-mrf-recirculation=\"Mat\u00e9ria - Links no Texto\">\n<p data-track-category=\"Link no Texto\" data-track-links=\"\" data-mrf-recirculation=\"Mat\u00e9ria - Links no Texto\">\n<div id=\"chunk-b778u\">\n<div class=\"mc-column content-text active-extra-styles\" data-block-type=\"raw\" data-block-weight=\"2\" data-block-id=\"12\">\n<div class=\"content-intertitle\">\n<h2>Premedita\u00e7\u00e3o confirmada<\/h2>\n<p>&nbsp;<\/p>\n<\/div>\n<p>&nbsp;<\/p>\n<\/div>\n<\/div>\n<div id=\"chunk-2n1n3\">\n<div class=\"mc-column content-text active-extra-styles \" data-block-type=\"unstyled\" data-block-weight=\"62\" data-block-id=\"13\">\n<p class=\" content-text__container \" data-track-category=\"Link no Texto\" data-track-links=\"\" data-mrf-recirculation=\"Mat\u00e9ria - Links no Texto\">Embora um dos suspeitos tenha alegado que a viol\u00eancia teria ocorrido durante uma discuss\u00e3o acalorada, as imagens das c\u00e2meras de seguran\u00e7a apontaram que os dois ficaram \u00e0 espreita, aguardando a passagem da v\u00edtima, que seguia de bicicleta para o trabalho. Quando Sebasti\u00e3o percebeu a aproxima\u00e7\u00e3o de um dos agressores, tentou fugir, mas foi alcan\u00e7ado e brutalmente atacado com 16 golpes de foice.<\/p>\n<\/div>\n<\/div>\n<div id=\"chunk-7o4cp\">\n<div class=\"mc-column content-text active-extra-styles \" data-block-type=\"unstyled\" data-block-weight=\"30\" data-block-id=\"14\">\n<p class=\" content-text__container \" data-track-category=\"Link no Texto\" data-track-links=\"\" data-mrf-recirculation=\"Mat\u00e9ria - Links no Texto\">\u201cFicou claro que eles estavam ali esperando o Sebasti\u00e3o passar. N\u00e3o foi algo de momento, foi premeditado. Eles fizeram o \u2018coc\u00f3\u2019, ficaram de tocaia at\u00e9 ele aparecer\u201d, destacou o delegado.<\/p>\n<\/div>\n<\/div>\n<p class=\"content-text__container\" data-mrf-recirculation=\"Mat\u00e9ria - Links no Texto\">\n<p data-mrf-recirculation=\"Mat\u00e9ria - Links no Texto\">\n<div id=\"chunk-2plmf\">\n<div class=\"mc-column content-text active-extra-styles\" data-block-type=\"raw\" data-block-weight=\"8\" data-block-id=\"15\">\n<div class=\"content-intertitle\">\n<h2>Apreens\u00e3o da arma e busca por terceiro suspeito<\/h2>\n<p>&nbsp;<\/p>\n<\/div>\n<p>&nbsp;<\/p>\n<\/div>\n<\/div>\n<div id=\"chunk-7a434\">\n<div class=\"mc-column content-text active-extra-styles \" data-block-type=\"unstyled\" data-block-weight=\"30\" data-block-id=\"16\">\n<p class=\" content-text__container \" data-track-category=\"Link no Texto\" data-track-links=\"\" data-mrf-recirculation=\"Mat\u00e9ria - Links no Texto\">A foice utilizada no crime foi localizada e apreendida durante a deten\u00e7\u00e3o do menor. O objeto ser\u00e1 periciado pelo Instituto M\u00e9dico Legal (IML) para refor\u00e7ar as provas t\u00e9cnicas no inqu\u00e9rito.<\/p>\n<p data-track-category=\"Link no Texto\" data-track-links=\"\" data-mrf-recirculation=\"Mat\u00e9ria - Links no Texto\">\n<\/div>\n<\/div>\n<div id=\"chunk-83fvg\">\n<div class=\"mc-column content-text active-extra-styles \" data-block-type=\"unstyled\" data-block-weight=\"39\" data-block-id=\"17\">\n<p class=\" content-text__container \" data-track-category=\"Link no Texto\" data-track-links=\"\" data-mrf-recirculation=\"Mat\u00e9ria - Links no Texto\">Outro ponto da investiga\u00e7\u00e3o \u00e9 a poss\u00edvel participa\u00e7\u00e3o do pai dos suspeitos.\u00a0<span class=\"highlight highlighted\">Ele se apresentou espontaneamente \u00e0 Delegacia de Homic\u00eddios, foi ouvido e liberado<\/span>, mas a pol\u00edcia busca agora comprovar se ele teve envolvimento material ou moral no assassinato.<\/p>\n<p data-track-category=\"Link no Texto\" data-track-links=\"\" data-mrf-recirculation=\"Mat\u00e9ria - Links no Texto\">\n<\/div>\n<\/div>\n<div id=\"chunk-7d5e\">\n<div class=\"mc-column content-text active-extra-styles \" data-block-type=\"unstyled\" data-block-weight=\"36\" data-block-id=\"18\">\n<p class=\" content-text__container \" data-track-category=\"Link no Texto\" data-track-links=\"\" data-mrf-recirculation=\"Mat\u00e9ria - Links no Texto\">\u201cPor enquanto, os v\u00eddeos mostram apenas os dois autores. Mas estamos investigando se esse terceiro elemento esteve na cena ou contribuiu para o crime. Assim que tivermos essa confirma\u00e7\u00e3o, a sociedade ser\u00e1 informada\u201d, garantiu o delegado.<\/p>\n<\/div>\n<\/div>\n<div class=\"content-ads content-ads--reveal\" data-block-type=\"ads\" data-block-id=\"19\"><\/div>\n<div data-block-type=\"ads\" data-block-id=\"19\"><\/div>\n<div id=\"chunk-828kq\">\n<div class=\"mc-column content-text active-extra-styles\" data-block-type=\"raw\" data-block-weight=\"9\" data-block-id=\"20\">\n<p class=\"content-text__container\" data-mrf-recirculation=\"Mat\u00e9ria - Links no Texto\">\n<div class=\"content-intertitle\">\n<h2>Pais da crian\u00e7a n\u00e3o t\u00eam rela\u00e7\u00e3o com o crime<\/h2>\n<p>&nbsp;<\/p>\n<\/div>\n<p>&nbsp;<\/p>\n<\/div>\n<\/div>\n<div id=\"chunk-6j9e2\">\n<div class=\"mc-column content-text active-extra-styles \" data-block-type=\"unstyled\" data-block-weight=\"26\" data-block-id=\"21\">\n<p class=\" content-text__container \" data-track-category=\"Link no Texto\" data-track-links=\"\" data-mrf-recirculation=\"Mat\u00e9ria - Links no Texto\">O delegado Fl\u00e1vio Dutra tamb\u00e9m fez quest\u00e3o de esclarecer que os pais da crian\u00e7a, cuja guarda gerou o conflito, n\u00e3o t\u00eam qualquer rela\u00e7\u00e3o com o crime.<\/p>\n<p data-track-category=\"Link no Texto\" data-track-links=\"\" data-mrf-recirculation=\"Mat\u00e9ria - Links no Texto\">\n<\/div>\n<\/div>\n<div id=\"chunk-49kbm\">\n<div class=\"mc-column content-text active-extra-styles \" data-block-type=\"unstyled\" data-block-weight=\"36\" data-block-id=\"22\">\n<p class=\" content-text__container \" data-track-category=\"Link no Texto\" data-track-links=\"\" data-mrf-recirculation=\"Mat\u00e9ria - Links no Texto\">\u201cA disputa era entre os tios e os av\u00f3s. Os pais da crian\u00e7a n\u00e3o t\u00eam qualquer v\u00ednculo com o ocorrido. \u00c9 importante frisar isso para que n\u00e3o sejam injustamente relacionados a esse epis\u00f3dio t\u00e3o grave\u201d, afirmou.<\/p>\n<\/div>\n<\/div>\n<p class=\"content-text__container\" data-mrf-recirculation=\"Mat\u00e9ria - Links no Texto\">\n<p data-mrf-recirculation=\"Mat\u00e9ria - Links no Texto\">\n<div id=\"chunk-fqvci\">\n<div class=\"mc-column content-text active-extra-styles\" data-block-type=\"raw\" data-block-weight=\"2\" data-block-id=\"23\">\n<div class=\"content-intertitle\">\n<h2>Pr\u00f3ximos passos<\/h2>\n<\/div>\n<\/div>\n<\/div>\n<p>&nbsp;<\/p>\n<p>&nbsp;<\/p>\n<div id=\"chunk-85ept\">\n<div class=\"mc-column content-text active-extra-styles \" data-block-type=\"unstyled\" data-block-weight=\"48\" data-block-id=\"24\">\n<p class=\" content-text__container \" data-track-category=\"Link no Texto\" data-track-links=\"\" data-mrf-recirculation=\"Mat\u00e9ria - Links no Texto\">Com a motiva\u00e7\u00e3o esclarecida e a autoria dos dois principais suspeitos confirmada, a Pol\u00edcia Civil trabalha agora para concluir o inqu\u00e9rito e remeter o caso \u00e0 Justi\u00e7a. Um dos autores teve a pris\u00e3o preventiva decretada e o menor permanece apreendido \u00e0 disposi\u00e7\u00e3o da Vara da Inf\u00e2ncia e Juventude.<\/p>\n<\/div>\n<\/div>\n<p data-track-category=\"Link no Texto\" data-track-links=\"\" data-mrf-recirculation=\"Mat\u00e9ria - Links no Texto\">\n<p data-track-category=\"Link no Texto\" data-track-links=\"\" data-mrf-recirculation=\"Mat\u00e9ria - Links no Texto\">\n<p data-track-category=\"Link no Texto\" data-track-links=\"\" data-mrf-recirculation=\"Mat\u00e9ria - Links no Texto\">\n<p data-track-category=\"Link no Texto\" data-track-links=\"\" data-mrf-recirculation=\"Mat\u00e9ria - Links no Texto\">\n<p data-track-category=\"Link no Texto\" data-track-links=\"\" data-mrf-recirculation=\"Mat\u00e9ria - Links no Texto\"><strong>Fonte: G1\/AL<\/strong><\/p>\n<p data-track-category=\"Link no Texto\" data-track-links=\"\" data-mrf-recirculation=\"Mat\u00e9ria - Links no Texto\">\n","protected":false},"excerpt":{"rendered":"<p>A Pol\u00edcia Civil de Alagoas revelou, nesta quinta-feira (8), que a motiva\u00e7\u00e3o para o\u00a0assassinato brutal de Sebasti\u00e3o da Silva, de 56 anos, ocorrido na cidade de Campo Alegre, interior do estado,\u00a0foi uma antiga disputa entre fam\u00edlias pela guarda de uma crian\u00e7a de 5 anos. O crime, registrado por c\u00e2meras de seguran\u00e7a, chocou a popula\u00e7\u00e3o pela &hellip;<\/p>\n","protected":false},"author":2,"featured_media":34838,"comment_status":"open","ping_status":"open","sticky":false,"template":"","format":"standard","meta":{"_jetpack_memberships_contains_paid_content":false,"footnotes":""},"categories":[4,1],"tags":[],"class_list":["post-34837","post","type-post","status-publish","format-standard","has-post-thumbnail","hentry","category-alagoas","category-destaque"],"jetpack_featured_media_url":"https:\/\/www.oparanews.com.br\/wp-content\/uploads\/2025\/05\/Sem-titulo-10.png","jetpack_sharing_enabled":true,"_links":{"self":[{"href":"https:\/\/www.oparanews.com.br\/index.php\/wp-json\/wp\/v2\/posts\/34837","targetHints":{"allow":["GET"]}}],"collection":[{"href":"https:\/\/www.oparanews.com.br\/index.php\/wp-json\/wp\/v2\/posts"}],"about":[{"href":"https:\/\/www.oparanews.com.br\/index.php\/wp-json\/wp\/v2\/types\/post"}],"author":[{"embeddable":true,"href":"https:\/\/www.oparanews.com.br\/index.php\/wp-json\/wp\/v2\/users\/2"}],"replies":[{"embeddable":true,"href":"https:\/\/www.oparanews.com.br\/index.php\/wp-json\/wp\/v2\/comments?post=34837"}],"version-history":[{"count":1,"href":"https:\/\/www.oparanews.com.br\/index.php\/wp-json\/wp\/v2\/posts\/34837\/revisions"}],"predecessor-version":[{"id":34839,"href":"https:\/\/www.oparanews.com.br\/index.php\/wp-json\/wp\/v2\/posts\/34837\/revisions\/34839"}],"wp:featuredmedia":[{"embeddable":true,"href":"https:\/\/www.oparanews.com.br\/index.php\/wp-json\/wp\/v2\/media\/34838"}],"wp:attachment":[{"href":"https:\/\/www.oparanews.com.br\/index.php\/wp-json\/wp\/v2\/media?parent=34837"}],"wp:term":[{"taxonomy":"category","embeddable":true,"href":"https:\/\/www.oparanews.com.br\/index.php\/wp-json\/wp\/v2\/categories?post=34837"},{"taxonomy":"post_tag","embeddable":true,"href":"https:\/\/www.oparanews.com.br\/index.php\/wp-json\/wp\/v2\/tags?post=34837"}],"curies":[{"name":"wp","href":"https:\/\/api.w.org\/{rel}","templated":true}]}}