{"id":34951,"date":"2025-05-27T09:36:27","date_gmt":"2025-05-27T12:36:27","guid":{"rendered":"https:\/\/www.oparanews.com.br\/?p=34951"},"modified":"2025-05-27T09:43:42","modified_gmt":"2025-05-27T12:43:42","slug":"vereador-cidoca-cobra-informacoes-da-gestao-municipal","status":"publish","type":"post","link":"https:\/\/www.oparanews.com.br\/index.php\/2025\/05\/27\/vereador-cidoca-cobra-informacoes-da-gestao-municipal\/","title":{"rendered":"Vereador Cidoca cobra informa\u00e7\u00f5es da gest\u00e3o municipal"},"content":{"rendered":"<p>Na \u00faltima sess\u00e3o ordin\u00e1ria realizada na C\u00e2mara Municipal de Penedo, o vereador Alcides Andrade Neto (Cidoca) usou a tribuna do plen\u00e1rio para informar a todos presentes que solicitou da gest\u00e3o municipal algumas informa\u00e7\u00f5es, como: presta\u00e7\u00e3o de contas dos R$ 48 milh\u00f5es de reais do SAAE, di\u00e1rias de alguns servidores e do Procon.<\/p>\n<p>&nbsp;<\/p>\n<p>Cidoca informou que a justificativa da gest\u00e3o municipal foi que devido a falta de pessoal dispon\u00edvel n\u00e3o seria poss\u00edvel fazer tal levantamento no momento, pois os processos tramitam de forma f\u00edsica. Quanto ao Procon o prefeito informou que n\u00e3o houve nenhuma exonera\u00e7\u00e3o de funcion\u00e1rio que trabalham no \u00f3rg\u00e3o, sendo assim continua funcionando normalmente.<\/p>\n<p>&nbsp;<\/p>\n<p>&nbsp;<\/p>\n<p>&nbsp;<\/p>\n<p><strong>por Reda\u00e7\u00e3o<\/strong><\/p>\n<p>&nbsp;<\/p>\n","protected":false},"excerpt":{"rendered":"<p>Na \u00faltima sess\u00e3o ordin\u00e1ria realizada na C\u00e2mara Municipal de Penedo, o vereador Alcides Andrade Neto (Cidoca) usou a tribuna do plen\u00e1rio para informar a todos presentes que solicitou da gest\u00e3o municipal algumas informa\u00e7\u00f5es, como: presta\u00e7\u00e3o de contas dos R$ 48 milh\u00f5es de reais do SAAE, di\u00e1rias de alguns servidores e do Procon. &nbsp; Cidoca informou &hellip;<\/p>\n","protected":false},"author":2,"featured_media":34735,"comment_status":"open","ping_status":"open","sticky":false,"template":"","format":"standard","meta":{"_jetpack_memberships_contains_paid_content":false,"footnotes":""},"categories":[32],"tags":[],"class_list":["post-34951","post","type-post","status-publish","format-standard","has-post-thumbnail","hentry","category-noticias"],"jetpack_featured_media_url":"https:\/\/www.oparanews.com.br\/wp-content\/uploads\/2025\/04\/cereador-cidoca-alcides-andrade-neto.jpg","jetpack_sharing_enabled":true,"_links":{"self":[{"href":"https:\/\/www.oparanews.com.br\/index.php\/wp-json\/wp\/v2\/posts\/34951","targetHints":{"allow":["GET"]}}],"collection":[{"href":"https:\/\/www.oparanews.com.br\/index.php\/wp-json\/wp\/v2\/posts"}],"about":[{"href":"https:\/\/www.oparanews.com.br\/index.php\/wp-json\/wp\/v2\/types\/post"}],"author":[{"embeddable":true,"href":"https:\/\/www.oparanews.com.br\/index.php\/wp-json\/wp\/v2\/users\/2"}],"replies":[{"embeddable":true,"href":"https:\/\/www.oparanews.com.br\/index.php\/wp-json\/wp\/v2\/comments?post=34951"}],"version-history":[{"count":1,"href":"https:\/\/www.oparanews.com.br\/index.php\/wp-json\/wp\/v2\/posts\/34951\/revisions"}],"predecessor-version":[{"id":34952,"href":"https:\/\/www.oparanews.com.br\/index.php\/wp-json\/wp\/v2\/posts\/34951\/revisions\/34952"}],"wp:featuredmedia":[{"embeddable":true,"href":"https:\/\/www.oparanews.com.br\/index.php\/wp-json\/wp\/v2\/media\/34735"}],"wp:attachment":[{"href":"https:\/\/www.oparanews.com.br\/index.php\/wp-json\/wp\/v2\/media?parent=34951"}],"wp:term":[{"taxonomy":"category","embeddable":true,"href":"https:\/\/www.oparanews.com.br\/index.php\/wp-json\/wp\/v2\/categories?post=34951"},{"taxonomy":"post_tag","embeddable":true,"href":"https:\/\/www.oparanews.com.br\/index.php\/wp-json\/wp\/v2\/tags?post=34951"}],"curies":[{"name":"wp","href":"https:\/\/api.w.org\/{rel}","templated":true}]}}