{"id":35180,"date":"2025-06-29T21:53:16","date_gmt":"2025-06-30T00:53:16","guid":{"rendered":"https:\/\/www.oparanews.com.br\/?p=35180"},"modified":"2025-06-29T21:53:16","modified_gmt":"2025-06-30T00:53:16","slug":"padre-fabio-de-melo-se-envolve-em-polemica-com-banda-catolica-na-bahia","status":"publish","type":"post","link":"https:\/\/www.oparanews.com.br\/index.php\/2025\/06\/29\/padre-fabio-de-melo-se-envolve-em-polemica-com-banda-catolica-na-bahia\/","title":{"rendered":"Padre F\u00e1bio de Melo se envolve em pol\u00eamica com banda cat\u00f3lica na Bahia"},"content":{"rendered":"<p>O tradicional festejo de S\u00e3o Jo\u00e3o em Nordestina, no interior da Bahia, ganhou contornos inesperados neste ano de 2025. O evento, que costuma ser marcado por celebra\u00e7\u00f5es religiosas, apresenta\u00e7\u00f5es musicais e manifesta\u00e7\u00f5es culturais, foi palco de uma pol\u00eamica envolvendo o padre e cantor F\u00e1bio de Melo e a banda cat\u00f3lica Minist\u00e9rio Sinal da Cruz.<\/p>\n<p>&nbsp;<\/p>\n<p>A controv\u00e9rsia surgiu ap\u00f3s o grupo afirmar que foi impedido de se apresentar no palco principal da festa, onde F\u00e1bio de Melo faria seu show algumas horas depois.<\/p>\n<p>&nbsp;<\/p>\n<p>Segundo relato publicado nas redes sociais da banda, a apresenta\u00e7\u00e3o estava marcada para as 18h da \u00faltima quinta-feira (26), como parte da programa\u00e7\u00e3o religiosa em homenagem a S\u00e3o Jo\u00e3o Batista, padroeiro da cidade. No entanto, o grupo afirma que n\u00e3o conseguiu montar seus equipamentos de som devido \u00e0 &#8220;irredutibilidade da equipe de um artista de grande renome presente no evento&#8221;.<\/p>\n<p>&nbsp;<\/p>\n<p>Embora o nome de F\u00e1bio de Melo n\u00e3o tenha sido citado diretamente, ele era a \u00fanica outra atra\u00e7\u00e3o confirmada pela prefeitura para aquela noite, com show previsto para as 20h.<\/p>\n<p>&nbsp;<\/p>\n<p>A situa\u00e7\u00e3o gerou frustra\u00e7\u00e3o entre os integrantes do Minist\u00e9rio Sinal da Cruz, que expressaram sua decep\u00e7\u00e3o em nota oficial. Eles destacaram que havia grande expectativa por parte dos fi\u00e9is para o momento de louvor e adora\u00e7\u00e3o, e lamentaram n\u00e3o terem conseguido realizar a apresenta\u00e7\u00e3o conforme o planejado. Como alternativa, a banda participou da Santa Missa, que originalmente tamb\u00e9m ocorreria no palco principal, mas foi transferida para uma \u00e1rea coberta na parte inferior do espa\u00e7o do evento.<\/p>\n<p>&nbsp;<\/p>\n<p>Mesmo diante das limita\u00e7\u00f5es, o grupo optou por manter sua miss\u00e3o espiritual: &#8220;Entregamos a Deus o nosso louvor, mesmo em meio \u00e0s limita\u00e7\u00f5es&#8221;, escreveram em sua publica\u00e7\u00e3o. A atitude foi vista por muitos como um gesto de humildade e perseveran\u00e7a diante de uma situa\u00e7\u00e3o adversa.<\/p>\n<p>&nbsp;<\/p>\n<p>Enquanto isso, o padre F\u00e1bio de Melo seguiu com sua apresenta\u00e7\u00e3o normalmente. Em suas redes sociais, ele compartilhou v\u00eddeos animados do show, agradecendo ao p\u00fablico e celebrando a energia da festa. No entanto, at\u00e9 o momento, o religioso n\u00e3o se pronunciou sobre a acusa\u00e7\u00e3o feita pela banda.<\/p>\n<p>&nbsp;<\/p>\n<p>&nbsp;<\/p>\n<p>Fonte: Terra<\/p>\n<p>&nbsp;<\/p>\n","protected":false},"excerpt":{"rendered":"<p>O tradicional festejo de S\u00e3o Jo\u00e3o em Nordestina, no interior da Bahia, ganhou contornos inesperados neste ano de 2025. O evento, que costuma ser marcado por celebra\u00e7\u00f5es religiosas, apresenta\u00e7\u00f5es musicais e manifesta\u00e7\u00f5es culturais, foi palco de uma pol\u00eamica envolvendo o padre e cantor F\u00e1bio de Melo e a banda cat\u00f3lica Minist\u00e9rio Sinal da Cruz. &nbsp; &hellip;<\/p>\n","protected":false},"author":2,"featured_media":35181,"comment_status":"open","ping_status":"open","sticky":false,"template":"","format":"standard","meta":{"_jetpack_memberships_contains_paid_content":false,"footnotes":""},"categories":[5],"tags":[],"class_list":["post-35180","post","type-post","status-publish","format-standard","has-post-thumbnail","hentry","category-brasil-mundo"],"jetpack_featured_media_url":"https:\/\/www.oparanews.com.br\/wp-content\/uploads\/2025\/06\/Sem-titulo-23.png","jetpack_sharing_enabled":true,"_links":{"self":[{"href":"https:\/\/www.oparanews.com.br\/index.php\/wp-json\/wp\/v2\/posts\/35180","targetHints":{"allow":["GET"]}}],"collection":[{"href":"https:\/\/www.oparanews.com.br\/index.php\/wp-json\/wp\/v2\/posts"}],"about":[{"href":"https:\/\/www.oparanews.com.br\/index.php\/wp-json\/wp\/v2\/types\/post"}],"author":[{"embeddable":true,"href":"https:\/\/www.oparanews.com.br\/index.php\/wp-json\/wp\/v2\/users\/2"}],"replies":[{"embeddable":true,"href":"https:\/\/www.oparanews.com.br\/index.php\/wp-json\/wp\/v2\/comments?post=35180"}],"version-history":[{"count":1,"href":"https:\/\/www.oparanews.com.br\/index.php\/wp-json\/wp\/v2\/posts\/35180\/revisions"}],"predecessor-version":[{"id":35182,"href":"https:\/\/www.oparanews.com.br\/index.php\/wp-json\/wp\/v2\/posts\/35180\/revisions\/35182"}],"wp:featuredmedia":[{"embeddable":true,"href":"https:\/\/www.oparanews.com.br\/index.php\/wp-json\/wp\/v2\/media\/35181"}],"wp:attachment":[{"href":"https:\/\/www.oparanews.com.br\/index.php\/wp-json\/wp\/v2\/media?parent=35180"}],"wp:term":[{"taxonomy":"category","embeddable":true,"href":"https:\/\/www.oparanews.com.br\/index.php\/wp-json\/wp\/v2\/categories?post=35180"},{"taxonomy":"post_tag","embeddable":true,"href":"https:\/\/www.oparanews.com.br\/index.php\/wp-json\/wp\/v2\/tags?post=35180"}],"curies":[{"name":"wp","href":"https:\/\/api.w.org\/{rel}","templated":true}]}}