{"id":35275,"date":"2025-07-13T21:06:12","date_gmt":"2025-07-14T00:06:12","guid":{"rendered":"https:\/\/www.oparanews.com.br\/?p=35275"},"modified":"2025-07-13T21:06:12","modified_gmt":"2025-07-14T00:06:12","slug":"asa-segura-pressao-vence-o-penedense-fora-de-casa-e-dispara-na-lideranca-do-grupo-a4-da-serie-d","status":"publish","type":"post","link":"https:\/\/www.oparanews.com.br\/index.php\/2025\/07\/13\/asa-segura-pressao-vence-o-penedense-fora-de-casa-e-dispara-na-lideranca-do-grupo-a4-da-serie-d\/","title":{"rendered":"ASA segura press\u00e3o, vence o Penedense fora de casa e dispara na lideran\u00e7a do grupo A4 da S\u00e9rie D"},"content":{"rendered":"<p>Em partida v\u00e1lida pela 13\u00aa rodada da S\u00e9rie D, o ASA confirmou o favoritismo e venceu o Penedense por 1 a 0 na tarde deste domingo (13), no Est\u00e1dio Alfredo Leahy, em Penedo. O \u00fanico gol do jogo foi marcado por Thiago Papel, aos 27 minutos do primeiro tempo, ap\u00f3s aproveitar rebote em jogada de bola parada.<\/p>\n<p>&nbsp;<\/p>\n<p>O duelo foi movimentado, com chances para ambos os lados. Na segunda etapa, o time da casa teve a grande oportunidade de empatar, em cobran\u00e7a de p\u00eanalti, mas o goleiro Matheus Vinicius defendeu a finaliza\u00e7\u00e3o de Miqueias e garantiu os tr\u00eas pontos para o ASA.<\/p>\n<p>&nbsp;<\/p>\n<p>Com o resultado, o Alvinegro de Arapiraca chega a 27 pontos, segue invicto h\u00e1 oito jogos e consolida a lideran\u00e7a isolada do Grupo A4. J\u00e1 classificado \u00e0 pr\u00f3xima fase, o ASA confirma a boa campanha e mant\u00e9m o embalo na reta final da primeira fase da competi\u00e7\u00e3o nacional.<\/p>\n<p>&nbsp;<\/p>\n<p>Na segunda etapa, o Penedense teve a chance do empate em cobran\u00e7a de p\u00eanalti, mas o goleiro Matheus Vinicius brilhou ao defender a cobran\u00e7a de Miqueias, mantendo o ASA \u00e0 frente no placar.<\/p>\n<p>&nbsp;<\/p>\n<p>Aos 46 minutos do segundo tempo, o lateral Felipe Ramon, do ASA, precisou ser atendido em campo e deixou o gramado ap\u00f3s a entrada da ambul\u00e2ncia.<\/p>\n<p>&nbsp;<\/p>\n<p><strong>Clima de despedida no Alfredo Leahy<\/strong><\/p>\n<p>&nbsp;<\/p>\n<p>J\u00e1 eliminado, o Penedense entrou em campo apenas para cumprir tabela, mas mostrou entrega diante de sua torcida. Mesmo com limita\u00e7\u00f5es t\u00e9cnicas, a equipe tentou reagir, mas esbarrou na superioridade t\u00e1tica do advers\u00e1rio e na pr\u00f3pria dificuldade de cria\u00e7\u00e3o.<\/p>\n<p>&nbsp;<\/p>\n<p>Com apenas quartro pontos conquistados, o time de Penedo encerra sua participa\u00e7\u00e3o na S\u00e9rie D na lanterna da chave, com uma campanha marcada por dificuldades dentro e fora de campo.<\/p>\n<p>&nbsp;<\/p>\n<p><strong>Trio potiguar comanda sem pol\u00eamicas<\/strong><\/p>\n<p>&nbsp;<\/p>\n<p>A arbitragem do potiguar Jos\u00e9 Magno Teixeira do Nascimento transcorreu sem grandes problemas. Com boa atua\u00e7\u00e3o, o \u00e1rbitro de 36 anos foi auxiliado por George \u00cdtalo e D\u00e9bora Rayane Fernandes. O alagoano Felype Wanderley atuou como quarto \u00e1rbitro.<\/p>\n<p>&nbsp;<\/p>\n<p><strong>Pr\u00f3ximos passos<\/strong><\/p>\n<p>&nbsp;<\/p>\n<p>Classificado com anteced\u00eancia, o ASA enfretar\u00e1 Jequi\u00e9 no pr\u00f3ximo domingo (20) e aguarda a defini\u00e7\u00e3o do advers\u00e1rio para o mata-mata da S\u00e9rie D. A equipe chega embalada, com campanha s\u00f3lida e um elenco confiante, mirando o t\u00e3o sonhado acesso \u00e0 S\u00e9rie C.<\/p>\n<p>&nbsp;<\/p>\n<p>J\u00e1 o Penedense enfrentar\u00e1 o Uni\u00e3o dia 20 \u00e0s 16h.<\/p>\n<p>&nbsp;<\/p>\n<p>Ficha T\u00e9cnica<\/p>\n<p>&nbsp;<\/p>\n<p><strong>PENEDENSE<\/strong><\/p>\n<p>&nbsp;<\/p>\n<p>Naldo; Alex Murici; Gabriel; Henrique Capela; Drey; Carioca; Wanderson; Darlisson; Gustavo; Romarinho; Miqueias;<\/p>\n<p>T\u00e9cnico: Rommel Viveira<\/p>\n<p>&nbsp;<\/p>\n<p><strong>ASA<\/strong><\/p>\n<p>&nbsp;<\/p>\n<p>Matheus Vin\u00edcius; Paulinho; Cristian Lucca; Thiago Papel; Filipe Ramon; Guilherme Borges; Fabr\u00edcio Bigode; Sammuel; Will;Keliton; Toscano<\/p>\n<p>&nbsp;<\/p>\n<p>&nbsp;<\/p>\n<p>&nbsp;<\/p>\n<p><strong>Fonte: Gazetaweb<\/strong><\/p>\n","protected":false},"excerpt":{"rendered":"<p>Em partida v\u00e1lida pela 13\u00aa rodada da S\u00e9rie D, o ASA confirmou o favoritismo e venceu o Penedense por 1 a 0 na tarde deste domingo (13), no Est\u00e1dio Alfredo Leahy, em Penedo. O \u00fanico gol do jogo foi marcado por Thiago Papel, aos 27 minutos do primeiro tempo, ap\u00f3s aproveitar rebote em jogada de &hellip;<\/p>\n","protected":false},"author":2,"featured_media":35276,"comment_status":"open","ping_status":"open","sticky":false,"template":"","format":"standard","meta":{"_jetpack_memberships_contains_paid_content":false,"footnotes":""},"categories":[1],"tags":[],"class_list":["post-35275","post","type-post","status-publish","format-standard","has-post-thumbnail","hentry","category-destaque"],"jetpack_featured_media_url":"https:\/\/www.oparanews.com.br\/wp-content\/uploads\/2025\/07\/Sem-titulo-12.png","jetpack_sharing_enabled":true,"_links":{"self":[{"href":"https:\/\/www.oparanews.com.br\/index.php\/wp-json\/wp\/v2\/posts\/35275","targetHints":{"allow":["GET"]}}],"collection":[{"href":"https:\/\/www.oparanews.com.br\/index.php\/wp-json\/wp\/v2\/posts"}],"about":[{"href":"https:\/\/www.oparanews.com.br\/index.php\/wp-json\/wp\/v2\/types\/post"}],"author":[{"embeddable":true,"href":"https:\/\/www.oparanews.com.br\/index.php\/wp-json\/wp\/v2\/users\/2"}],"replies":[{"embeddable":true,"href":"https:\/\/www.oparanews.com.br\/index.php\/wp-json\/wp\/v2\/comments?post=35275"}],"version-history":[{"count":1,"href":"https:\/\/www.oparanews.com.br\/index.php\/wp-json\/wp\/v2\/posts\/35275\/revisions"}],"predecessor-version":[{"id":35277,"href":"https:\/\/www.oparanews.com.br\/index.php\/wp-json\/wp\/v2\/posts\/35275\/revisions\/35277"}],"wp:featuredmedia":[{"embeddable":true,"href":"https:\/\/www.oparanews.com.br\/index.php\/wp-json\/wp\/v2\/media\/35276"}],"wp:attachment":[{"href":"https:\/\/www.oparanews.com.br\/index.php\/wp-json\/wp\/v2\/media?parent=35275"}],"wp:term":[{"taxonomy":"category","embeddable":true,"href":"https:\/\/www.oparanews.com.br\/index.php\/wp-json\/wp\/v2\/categories?post=35275"},{"taxonomy":"post_tag","embeddable":true,"href":"https:\/\/www.oparanews.com.br\/index.php\/wp-json\/wp\/v2\/tags?post=35275"}],"curies":[{"name":"wp","href":"https:\/\/api.w.org\/{rel}","templated":true}]}}