{"id":35323,"date":"2025-07-24T07:42:45","date_gmt":"2025-07-24T10:42:45","guid":{"rendered":"https:\/\/www.oparanews.com.br\/?p=35323"},"modified":"2025-07-24T07:42:45","modified_gmt":"2025-07-24T10:42:45","slug":"programa-do-leite-e-retomado-em-penedo-beneficiando-mais-de-duas-mil-familias","status":"publish","type":"post","link":"https:\/\/www.oparanews.com.br\/index.php\/2025\/07\/24\/programa-do-leite-e-retomado-em-penedo-beneficiando-mais-de-duas-mil-familias\/","title":{"rendered":"Programa do Leite \u00e9 retomado em Penedo, beneficiando mais de duas mil fam\u00edlias"},"content":{"rendered":"<p>A partir da pr\u00f3xima sexta-feira (25), ser\u00e1 retomado o Programa Leite do Cora\u00e7\u00e3o, uma iniciativa do Governo de Alagoas realizada em parceria com a Prefeitura de Penedo. A entrega gratuita e semanal do alimento beneficia 2.045 fam\u00edlias penedenses, tanto da zona urbana quanto rural.<\/p>\n<p>&nbsp;<\/p>\n<p>De acordo com a coordenadora do programa em Penedo, Fabiana Vasconcelos, o programa estadual foi suspenso em todos os munic\u00edpios para a implementa\u00e7\u00e3o de melhorias.<\/p>\n<p>&nbsp;<\/p>\n<p>\u201cO programa passou por uma reformula\u00e7\u00e3o e ficamos parados por quatro meses. Essa pausa foi importante para organizarmos e aprimorarmos o programa, garantindo mais qualidade, seguran\u00e7a e efici\u00eancia para os benefici\u00e1rios\u201d, explicou.<\/p>\n<p>&nbsp;<\/p>\n<p>O Programa Leite do Cora\u00e7\u00e3o \u00e9 uma a\u00e7\u00e3o social voltada para o fortalecimento da seguran\u00e7a alimentar e nutricional de fam\u00edlias em situa\u00e7\u00e3o de vulnerabilidade. O p\u00fablico-alvo s\u00e3o crian\u00e7as, gestantes, idosos e pessoas com necessidades especiais. Todos os benefici\u00e1rios precisam estar inseridos no Cad\u00danico.<\/p>\n<p>&nbsp;<\/p>\n<p>Em Penedo, o leite doado atende 2.045 fam\u00edlias distribu\u00eddas em 38 pontos, tanto na zona urbana quanto na rural. Semanalmente s\u00e3o entregues 6.135 litros de leite no munic\u00edpio, sendo 3 litros por benefici\u00e1rio.<\/p>\n<p>&nbsp;<\/p>\n<p>Atualmente, o Programa Leite do Cora\u00e7\u00e3o n\u00e3o est\u00e1 realizando novos cadastros. Assim que novas inscri\u00e7\u00f5es forem abertas, haver\u00e1 divulga\u00e7\u00e3o oficial. Para mais informa\u00e7\u00f5es, a popula\u00e7\u00e3o pode procurar a coordena\u00e7\u00e3o do programa na Secretaria Municipal de Desenvolvimento Agr\u00edcola (SEMDAGRO).<\/p>\n<p>&nbsp;<\/p>\n<p>&nbsp;<\/p>\n<p>&nbsp;<\/p>\n<p><strong>por Roberto Miranda \u2013 Jornalista Secom\/PMP<\/strong><\/p>\n<p>&nbsp;<\/p>\n","protected":false},"excerpt":{"rendered":"<p>A partir da pr\u00f3xima sexta-feira (25), ser\u00e1 retomado o Programa Leite do Cora\u00e7\u00e3o, uma iniciativa do Governo de Alagoas realizada em parceria com a Prefeitura de Penedo. A entrega gratuita e semanal do alimento beneficia 2.045 fam\u00edlias penedenses, tanto da zona urbana quanto rural. &nbsp; De acordo com a coordenadora do programa em Penedo, Fabiana &hellip;<\/p>\n","protected":false},"author":2,"featured_media":35324,"comment_status":"open","ping_status":"open","sticky":false,"template":"","format":"standard","meta":{"_jetpack_memberships_contains_paid_content":false,"footnotes":""},"categories":[1,3],"tags":[],"class_list":["post-35323","post","type-post","status-publish","format-standard","has-post-thumbnail","hentry","category-destaque","category-penedo"],"jetpack_featured_media_url":"https:\/\/www.oparanews.com.br\/wp-content\/uploads\/2025\/07\/programa-do-leite-penedo-foto-debora-alves-scaled-1.avif","jetpack_sharing_enabled":true,"_links":{"self":[{"href":"https:\/\/www.oparanews.com.br\/index.php\/wp-json\/wp\/v2\/posts\/35323","targetHints":{"allow":["GET"]}}],"collection":[{"href":"https:\/\/www.oparanews.com.br\/index.php\/wp-json\/wp\/v2\/posts"}],"about":[{"href":"https:\/\/www.oparanews.com.br\/index.php\/wp-json\/wp\/v2\/types\/post"}],"author":[{"embeddable":true,"href":"https:\/\/www.oparanews.com.br\/index.php\/wp-json\/wp\/v2\/users\/2"}],"replies":[{"embeddable":true,"href":"https:\/\/www.oparanews.com.br\/index.php\/wp-json\/wp\/v2\/comments?post=35323"}],"version-history":[{"count":1,"href":"https:\/\/www.oparanews.com.br\/index.php\/wp-json\/wp\/v2\/posts\/35323\/revisions"}],"predecessor-version":[{"id":35325,"href":"https:\/\/www.oparanews.com.br\/index.php\/wp-json\/wp\/v2\/posts\/35323\/revisions\/35325"}],"wp:featuredmedia":[{"embeddable":true,"href":"https:\/\/www.oparanews.com.br\/index.php\/wp-json\/wp\/v2\/media\/35324"}],"wp:attachment":[{"href":"https:\/\/www.oparanews.com.br\/index.php\/wp-json\/wp\/v2\/media?parent=35323"}],"wp:term":[{"taxonomy":"category","embeddable":true,"href":"https:\/\/www.oparanews.com.br\/index.php\/wp-json\/wp\/v2\/categories?post=35323"},{"taxonomy":"post_tag","embeddable":true,"href":"https:\/\/www.oparanews.com.br\/index.php\/wp-json\/wp\/v2\/tags?post=35323"}],"curies":[{"name":"wp","href":"https:\/\/api.w.org\/{rel}","templated":true}]}}