{"id":35958,"date":"2025-10-29T09:15:56","date_gmt":"2025-10-29T12:15:56","guid":{"rendered":"https:\/\/www.oparanews.com.br\/?p=35958"},"modified":"2025-10-29T09:15:56","modified_gmt":"2025-10-29T12:15:56","slug":"vereador-cidoca-prepara-pl-sobre-naturalidade-das-criancas","status":"publish","type":"post","link":"https:\/\/www.oparanews.com.br\/index.php\/2025\/10\/29\/vereador-cidoca-prepara-pl-sobre-naturalidade-das-criancas\/","title":{"rendered":"Vereador Cidoca prepara PL sobre naturalidade das crian\u00e7as"},"content":{"rendered":"<p>O edil penedense, Alcides Andrade Neto (Cidoca), que se encontra de Licen\u00e7a M\u00e9dica, em conversa com nossa reportagem informou que ir\u00e1 apresentar um Projeto de Lei na C\u00e2mara Municipal de Penedo que regulamenta a lei federal n.\u00ba 13.484 de 26 de setembro de 2017, na qual permite que a m\u00e3e registre a naturalidade da crian\u00e7a na cidade onde reside, independentemente do local de nascimento.<\/p>\n<p>&nbsp;<\/p>\n<p>&#8220;Quando eu retornar as minha atividades normal na C\u00e2mara de Penedo irei apresentar esse projeto de Lei&#8221;, afirmou Cidoca.<\/p>\n<p>&nbsp;<\/p>\n<p>&nbsp;<\/p>\n<p><strong>por Reda\u00e7\u00e3o<\/strong><\/p>\n<p>&nbsp;<\/p>\n<p>&nbsp;<\/p>\n","protected":false},"excerpt":{"rendered":"<p>O edil penedense, Alcides Andrade Neto (Cidoca), que se encontra de Licen\u00e7a M\u00e9dica, em conversa com nossa reportagem informou que ir\u00e1 apresentar um Projeto de Lei na C\u00e2mara Municipal de Penedo que regulamenta a lei federal n.\u00ba 13.484 de 26 de setembro de 2017, na qual permite que a m\u00e3e registre a naturalidade da crian\u00e7a &hellip;<\/p>\n","protected":false},"author":2,"featured_media":34735,"comment_status":"open","ping_status":"open","sticky":false,"template":"","format":"standard","meta":{"_jetpack_memberships_contains_paid_content":false,"footnotes":""},"categories":[32],"tags":[],"class_list":["post-35958","post","type-post","status-publish","format-standard","has-post-thumbnail","hentry","category-noticias"],"jetpack_featured_media_url":"https:\/\/www.oparanews.com.br\/wp-content\/uploads\/2025\/04\/cereador-cidoca-alcides-andrade-neto.jpg","jetpack_sharing_enabled":true,"_links":{"self":[{"href":"https:\/\/www.oparanews.com.br\/index.php\/wp-json\/wp\/v2\/posts\/35958","targetHints":{"allow":["GET"]}}],"collection":[{"href":"https:\/\/www.oparanews.com.br\/index.php\/wp-json\/wp\/v2\/posts"}],"about":[{"href":"https:\/\/www.oparanews.com.br\/index.php\/wp-json\/wp\/v2\/types\/post"}],"author":[{"embeddable":true,"href":"https:\/\/www.oparanews.com.br\/index.php\/wp-json\/wp\/v2\/users\/2"}],"replies":[{"embeddable":true,"href":"https:\/\/www.oparanews.com.br\/index.php\/wp-json\/wp\/v2\/comments?post=35958"}],"version-history":[{"count":1,"href":"https:\/\/www.oparanews.com.br\/index.php\/wp-json\/wp\/v2\/posts\/35958\/revisions"}],"predecessor-version":[{"id":35959,"href":"https:\/\/www.oparanews.com.br\/index.php\/wp-json\/wp\/v2\/posts\/35958\/revisions\/35959"}],"wp:featuredmedia":[{"embeddable":true,"href":"https:\/\/www.oparanews.com.br\/index.php\/wp-json\/wp\/v2\/media\/34735"}],"wp:attachment":[{"href":"https:\/\/www.oparanews.com.br\/index.php\/wp-json\/wp\/v2\/media?parent=35958"}],"wp:term":[{"taxonomy":"category","embeddable":true,"href":"https:\/\/www.oparanews.com.br\/index.php\/wp-json\/wp\/v2\/categories?post=35958"},{"taxonomy":"post_tag","embeddable":true,"href":"https:\/\/www.oparanews.com.br\/index.php\/wp-json\/wp\/v2\/tags?post=35958"}],"curies":[{"name":"wp","href":"https:\/\/api.w.org\/{rel}","templated":true}]}}