{"id":36253,"date":"2025-12-06T18:57:10","date_gmt":"2025-12-06T21:57:10","guid":{"rendered":"https:\/\/www.oparanews.com.br\/?p=36253"},"modified":"2025-12-09T13:58:05","modified_gmt":"2025-12-09T16:58:05","slug":"influenciadora-desabafa-apos-agressao-de-babal-guimaraes-situacoes-assim-deixam-marcas","status":"publish","type":"post","link":"https:\/\/www.oparanews.com.br\/index.php\/2025\/12\/06\/influenciadora-desabafa-apos-agressao-de-babal-guimaraes-situacoes-assim-deixam-marcas\/","title":{"rendered":"Influenciadora desabafa ap\u00f3s agress\u00e3o de Babal Guimar\u00e3es: \u2018Situa\u00e7\u00f5es assim deixam marcas\u2019"},"content":{"rendered":"<p>A influenciadora Karla Lessa se pronunciou, nesta sexta-feira (5), sobre as\u00a0agress\u00f5es que sofreu do ent\u00e3o namorado, o influenciador Babal Guimar\u00e3es, registradas por c\u00e2meras de seguran\u00e7a de um condom\u00ednio em Macei\u00f3.<\/p>\n<p>&nbsp;<\/p>\n<p>O v\u00eddeo mostra o casal discutindo na porta de um pr\u00e9dio, quando Babal agride a influenciadora. As imagens foram registradas no dia 28 de novembro e divulgadas na quinta-feira (4).<\/p>\n<p>&nbsp;<\/p>\n<p>Em mensagem divulgada nas redes sociais, ela afirmou que o epis\u00f3dio tem sido extremamente dif\u00edcil e pediu respeito \u00e0 sua privacidade.<\/p>\n<p>&nbsp;<\/p>\n<p>&#8220;Situa\u00e7\u00f5es assim deixam marcas, deixam traumas. Algo que nenhum pai, nenhuma m\u00e3e e nenhuma filha deveriam ter que ver ou carregar.&#8221;<\/p>\n<p>&nbsp;<\/p>\n<p>Karla confirmou que o relacionamento chegou ao fim e destacou que o foco, neste momento, \u00e9 sua recupera\u00e7\u00e3o emocional.<\/p>\n<p>&nbsp;<\/p>\n<p>A influenciadora tamb\u00e9m ressaltou que sempre foi tratada com respeito pela fam\u00edlia do autor das agress\u00f5es e mencionou o apoio recebido de Lucas Guimar\u00e3es, irm\u00e3o de Babal.<\/p>\n<p>&nbsp;<\/p>\n<p>&#8220;Eu espero, do fundo do meu cora\u00e7\u00e3o, que nenhuma mulher passe por algo assim e que a gente continue se apoiando e se protegendo.\u201d<\/p>\n<p>&nbsp;<\/p>\n<p>O caso segue em investiga\u00e7\u00e3o pela Delegacia Especializada de Atendimento \u00e0 Mulher (DEAM), que\u00a0instaurou inqu\u00e9rito para apurar o crime de les\u00e3o corporal no contexto de viol\u00eancia dom\u00e9stica.<\/p>\n<p>&nbsp;<\/p>\n<p>&nbsp;<\/p>\n<p>&nbsp;<\/p>\n<p>&nbsp;<\/p>\n<p><strong>Fonte: G1\/AL<\/strong><\/p>\n<p>&nbsp;<\/p>\n","protected":false},"excerpt":{"rendered":"<p>A influenciadora Karla Lessa se pronunciou, nesta sexta-feira (5), sobre as\u00a0agress\u00f5es que sofreu do ent\u00e3o namorado, o influenciador Babal Guimar\u00e3es, registradas por c\u00e2meras de seguran\u00e7a de um condom\u00ednio em Macei\u00f3. &nbsp; O v\u00eddeo mostra o casal discutindo na porta de um pr\u00e9dio, quando Babal agride a influenciadora. As imagens foram registradas no dia 28 de &hellip;<\/p>\n","protected":false},"author":2,"featured_media":36254,"comment_status":"open","ping_status":"open","sticky":false,"template":"","format":"standard","meta":{"_jetpack_memberships_contains_paid_content":false,"footnotes":""},"categories":[7],"tags":[],"class_list":["post-36253","post","type-post","status-publish","format-standard","has-post-thumbnail","hentry","category-entretenimento"],"jetpack_featured_media_url":"https:\/\/www.oparanews.com.br\/wp-content\/uploads\/2025\/12\/whatsapp-image-2025-12-06-at-16.01.07-1-.avif","jetpack_sharing_enabled":true,"_links":{"self":[{"href":"https:\/\/www.oparanews.com.br\/index.php\/wp-json\/wp\/v2\/posts\/36253","targetHints":{"allow":["GET"]}}],"collection":[{"href":"https:\/\/www.oparanews.com.br\/index.php\/wp-json\/wp\/v2\/posts"}],"about":[{"href":"https:\/\/www.oparanews.com.br\/index.php\/wp-json\/wp\/v2\/types\/post"}],"author":[{"embeddable":true,"href":"https:\/\/www.oparanews.com.br\/index.php\/wp-json\/wp\/v2\/users\/2"}],"replies":[{"embeddable":true,"href":"https:\/\/www.oparanews.com.br\/index.php\/wp-json\/wp\/v2\/comments?post=36253"}],"version-history":[{"count":1,"href":"https:\/\/www.oparanews.com.br\/index.php\/wp-json\/wp\/v2\/posts\/36253\/revisions"}],"predecessor-version":[{"id":36255,"href":"https:\/\/www.oparanews.com.br\/index.php\/wp-json\/wp\/v2\/posts\/36253\/revisions\/36255"}],"wp:featuredmedia":[{"embeddable":true,"href":"https:\/\/www.oparanews.com.br\/index.php\/wp-json\/wp\/v2\/media\/36254"}],"wp:attachment":[{"href":"https:\/\/www.oparanews.com.br\/index.php\/wp-json\/wp\/v2\/media?parent=36253"}],"wp:term":[{"taxonomy":"category","embeddable":true,"href":"https:\/\/www.oparanews.com.br\/index.php\/wp-json\/wp\/v2\/categories?post=36253"},{"taxonomy":"post_tag","embeddable":true,"href":"https:\/\/www.oparanews.com.br\/index.php\/wp-json\/wp\/v2\/tags?post=36253"}],"curies":[{"name":"wp","href":"https:\/\/api.w.org\/{rel}","templated":true}]}}