{"id":36360,"date":"2025-12-19T15:43:12","date_gmt":"2025-12-19T18:43:12","guid":{"rendered":"https:\/\/www.oparanews.com.br\/?p=36360"},"modified":"2025-12-19T15:43:12","modified_gmt":"2025-12-19T18:43:12","slug":"carro-voador-brasileiro-prototipo-da-embraer-faz-1o-voo","status":"publish","type":"post","link":"https:\/\/www.oparanews.com.br\/index.php\/2025\/12\/19\/carro-voador-brasileiro-prototipo-da-embraer-faz-1o-voo\/","title":{"rendered":"Carro voador brasileiro: prot\u00f3tipo da Embraer faz 1\u00ba voo"},"content":{"rendered":"<p>O prot\u00f3tipo do primeiro \u201ccarro voador\u201d brasileiro fez com sucesso o primeiro voo n\u00e3o tripulado, nesta sexta-feira (19\/12), na cidade de Gavi\u00e3o Peixoto, interior de S\u00e3o Paulo. O ve\u00edculo \u00e9 produzido pela empresa Eve Air Mobility, subsidi\u00e1ria da Embraer.<\/p>\n<p>&nbsp;<\/p>\n<p>O ve\u00edculo, chamado de aeronave el\u00e9trica de decolagem e pouso vertical (eVTOL, na sigla em ingl\u00eas), iniciou a fase de testes de voo e confirmou a integra\u00e7\u00e3o de sistemas essenciais, segundo a Eve Air Mobility.<\/p>\n<p>&nbsp;<\/p>\n<p>\u201cHoje, a Eve realizou seu primeiro voo. Este \u00e9 um marco hist\u00f3rico para nossos funcion\u00e1rios, clientes, investidores e todo o ecossistema\u201d, celebrou o CEO da empresa, Johann Bordais.<\/p>\n<p>&nbsp;<\/p>\n<p>Para operar em solo brasileiro, o eVTOL precisa de certifica\u00e7\u00e3o da Ag\u00eancia Nacional de Avia\u00e7\u00e3o Civil (Anac). A Eve Air Mobility informou que mant\u00e9m contato com a Anac, e tem centenas de voos de teste planejados para 2026, buscando a certifica\u00e7\u00e3o.<\/p>\n<p>&nbsp;<\/p>\n<p>Ser\u00e3o fabricados pela empresa seis prot\u00f3tipos para a realiza\u00e7\u00e3o dos testes.<\/p>\n<p>&nbsp;<\/p>\n<p>A previs\u00e3o da empresa \u00e9 de realizar as primeiras entregas do eVTOL e entrar em servi\u00e7o em 2027.<\/p>\n<p>&nbsp;<\/p>\n<p>&nbsp;<\/p>\n<p>&nbsp;<\/p>\n<p><strong>Fonte: Metr\u00f3poles<\/strong><\/p>\n<p>&nbsp;<\/p>\n","protected":false},"excerpt":{"rendered":"<p>O prot\u00f3tipo do primeiro \u201ccarro voador\u201d brasileiro fez com sucesso o primeiro voo n\u00e3o tripulado, nesta sexta-feira (19\/12), na cidade de Gavi\u00e3o Peixoto, interior de S\u00e3o Paulo. O ve\u00edculo \u00e9 produzido pela empresa Eve Air Mobility, subsidi\u00e1ria da Embraer. &nbsp; O ve\u00edculo, chamado de aeronave el\u00e9trica de decolagem e pouso vertical (eVTOL, na sigla em &hellip;<\/p>\n","protected":false},"author":2,"featured_media":36361,"comment_status":"open","ping_status":"open","sticky":false,"template":"","format":"standard","meta":{"_jetpack_memberships_contains_paid_content":false,"footnotes":""},"categories":[5],"tags":[],"class_list":["post-36360","post","type-post","status-publish","format-standard","has-post-thumbnail","hentry","category-brasil-mundo"],"jetpack_featured_media_url":"https:\/\/www.oparanews.com.br\/wp-content\/uploads\/2025\/12\/Carro-voador-brasileiro-prototipo-da-Embraer-faz-1-00861846-f48b4b20d11d266b5987b3d344cfa909-7.webp","jetpack_sharing_enabled":true,"_links":{"self":[{"href":"https:\/\/www.oparanews.com.br\/index.php\/wp-json\/wp\/v2\/posts\/36360","targetHints":{"allow":["GET"]}}],"collection":[{"href":"https:\/\/www.oparanews.com.br\/index.php\/wp-json\/wp\/v2\/posts"}],"about":[{"href":"https:\/\/www.oparanews.com.br\/index.php\/wp-json\/wp\/v2\/types\/post"}],"author":[{"embeddable":true,"href":"https:\/\/www.oparanews.com.br\/index.php\/wp-json\/wp\/v2\/users\/2"}],"replies":[{"embeddable":true,"href":"https:\/\/www.oparanews.com.br\/index.php\/wp-json\/wp\/v2\/comments?post=36360"}],"version-history":[{"count":1,"href":"https:\/\/www.oparanews.com.br\/index.php\/wp-json\/wp\/v2\/posts\/36360\/revisions"}],"predecessor-version":[{"id":36362,"href":"https:\/\/www.oparanews.com.br\/index.php\/wp-json\/wp\/v2\/posts\/36360\/revisions\/36362"}],"wp:featuredmedia":[{"embeddable":true,"href":"https:\/\/www.oparanews.com.br\/index.php\/wp-json\/wp\/v2\/media\/36361"}],"wp:attachment":[{"href":"https:\/\/www.oparanews.com.br\/index.php\/wp-json\/wp\/v2\/media?parent=36360"}],"wp:term":[{"taxonomy":"category","embeddable":true,"href":"https:\/\/www.oparanews.com.br\/index.php\/wp-json\/wp\/v2\/categories?post=36360"},{"taxonomy":"post_tag","embeddable":true,"href":"https:\/\/www.oparanews.com.br\/index.php\/wp-json\/wp\/v2\/tags?post=36360"}],"curies":[{"name":"wp","href":"https:\/\/api.w.org\/{rel}","templated":true}]}}