{"id":36430,"date":"2025-12-30T15:12:12","date_gmt":"2025-12-30T18:12:12","guid":{"rendered":"https:\/\/www.oparanews.com.br\/?p=36430"},"modified":"2025-12-30T15:12:12","modified_gmt":"2025-12-30T18:12:12","slug":"predio-da-radio-gazeta-fm-e-alvo-de-ataque-a-pedradas","status":"publish","type":"post","link":"https:\/\/www.oparanews.com.br\/index.php\/2025\/12\/30\/predio-da-radio-gazeta-fm-e-alvo-de-ataque-a-pedradas\/","title":{"rendered":"Pr\u00e9dio da R\u00e1dio Gazeta FM \u00e9 alvo de ataque a pedradas"},"content":{"rendered":"<p>O pr\u00e9dio da\u00a0<a href=\"https:\/\/www.br104.com.br\/radio-do-br\/\"><strong>R\u00e1dio<\/strong><\/a>\u00a0Gazeta FM foi alvo de um ataque a pedradas na manh\u00e3 desta ter\u00e7a-feira (30), no bairro Eldorado. Segundo relatos de testemunhas, um homem em uma motocicleta arremessou pedras contra a fachada da emissora, destruindo vidra\u00e7as e uma porta lateral de vidro.<\/p>\n<p>&nbsp;<\/p>\n<p>De acordo com informa\u00e7\u00f5es colhidas no local, o suspeito passou inicialmente pelo trecho observando o im\u00f3vel. Ap\u00f3s o primeiro ataque, ele atravessou a Rua Maur\u00edcio Pereira, nas imedia\u00e7\u00f5es da Ciclovia do Trabalhador, mas retornou em seguida para atirar mais pedras contra o pr\u00e9dio.<\/p>\n<p>&nbsp;<\/p>\n<p>Os radialistas Everton Lu\u00eds e Vilc\u00e9ia Melo comandavam o programa \u201cA Festa do Povo\u201d no momento da ocorr\u00eancia. Mas, apesar dos estilha\u00e7os e dos danos materiais, nenhum funcion\u00e1rio da emissora ficou ferido. O criminoso fugiu logo ap\u00f3s o vandalismo.<\/p>\n<p>&nbsp;<\/p>\n<h2>O que se sabe sobre o ataque<\/h2>\n<p>&nbsp;<\/p>\n<p>Imagens de c\u00e2meras de seguran\u00e7a da regi\u00e3o e da pr\u00f3pria r\u00e1dio devem ser utilizadas para identificar a placa da motocicleta. O ataque gera preocupa\u00e7\u00e3o entre os profissionais de comunica\u00e7\u00e3o do Agreste e da Zona da Mata, j\u00e1 que a a\u00e7\u00e3o pareceu ser deliberada e direcionada ao ve\u00edculo de imprensa.<\/p>\n<p>&nbsp;<\/p>\n<p>A Pol\u00edcia Militar foi informada sobre o caso e realizou buscas, por\u00e9m, at\u00e9 o momento, o autor do crime n\u00e3o foi localizado. A motiva\u00e7\u00e3o do atentado contra o pr\u00e9dio da Gazeta FM\u00a0<a href=\"https:\/\/www.br104.com.br\/arapiraca\/\"><strong>Arapiraca<\/strong><\/a>\u00a0ainda \u00e9 desconhecida.<\/p>\n<p>&nbsp;<\/p>\n<p>&nbsp;<\/p>\n<p>&nbsp;<\/p>\n<p>&nbsp;<\/p>\n<p>Fonte: BR104<\/p>\n<p>&nbsp;<\/p>\n","protected":false},"excerpt":{"rendered":"<p>O pr\u00e9dio da\u00a0R\u00e1dio\u00a0Gazeta FM foi alvo de um ataque a pedradas na manh\u00e3 desta ter\u00e7a-feira (30), no bairro Eldorado. Segundo relatos de testemunhas, um homem em uma motocicleta arremessou pedras contra a fachada da emissora, destruindo vidra\u00e7as e uma porta lateral de vidro. &nbsp; De acordo com informa\u00e7\u00f5es colhidas no local, o suspeito passou inicialmente &hellip;<\/p>\n","protected":false},"author":2,"featured_media":36431,"comment_status":"open","ping_status":"open","sticky":false,"template":"","format":"standard","meta":{"_jetpack_memberships_contains_paid_content":false,"footnotes":""},"categories":[4],"tags":[],"class_list":["post-36430","post","type-post","status-publish","format-standard","has-post-thumbnail","hentry","category-alagoas"],"jetpack_featured_media_url":"https:\/\/www.oparanews.com.br\/wp-content\/uploads\/2025\/12\/radio-gazeta-arapiraca-predio-alvo-de-pedradas-1024x577-1.webp","jetpack_sharing_enabled":true,"_links":{"self":[{"href":"https:\/\/www.oparanews.com.br\/index.php\/wp-json\/wp\/v2\/posts\/36430","targetHints":{"allow":["GET"]}}],"collection":[{"href":"https:\/\/www.oparanews.com.br\/index.php\/wp-json\/wp\/v2\/posts"}],"about":[{"href":"https:\/\/www.oparanews.com.br\/index.php\/wp-json\/wp\/v2\/types\/post"}],"author":[{"embeddable":true,"href":"https:\/\/www.oparanews.com.br\/index.php\/wp-json\/wp\/v2\/users\/2"}],"replies":[{"embeddable":true,"href":"https:\/\/www.oparanews.com.br\/index.php\/wp-json\/wp\/v2\/comments?post=36430"}],"version-history":[{"count":1,"href":"https:\/\/www.oparanews.com.br\/index.php\/wp-json\/wp\/v2\/posts\/36430\/revisions"}],"predecessor-version":[{"id":36432,"href":"https:\/\/www.oparanews.com.br\/index.php\/wp-json\/wp\/v2\/posts\/36430\/revisions\/36432"}],"wp:featuredmedia":[{"embeddable":true,"href":"https:\/\/www.oparanews.com.br\/index.php\/wp-json\/wp\/v2\/media\/36431"}],"wp:attachment":[{"href":"https:\/\/www.oparanews.com.br\/index.php\/wp-json\/wp\/v2\/media?parent=36430"}],"wp:term":[{"taxonomy":"category","embeddable":true,"href":"https:\/\/www.oparanews.com.br\/index.php\/wp-json\/wp\/v2\/categories?post=36430"},{"taxonomy":"post_tag","embeddable":true,"href":"https:\/\/www.oparanews.com.br\/index.php\/wp-json\/wp\/v2\/tags?post=36430"}],"curies":[{"name":"wp","href":"https:\/\/api.w.org\/{rel}","templated":true}]}}