{"id":36440,"date":"2026-01-01T22:32:13","date_gmt":"2026-01-02T01:32:13","guid":{"rendered":"https:\/\/www.oparanews.com.br\/?p=36440"},"modified":"2026-01-01T22:33:19","modified_gmt":"2026-01-02T01:33:19","slug":"reveillon-de-penedo-reune-multidao-valoriza-artistas-locais-e-emociona-com-espetaculo-de-fogos-no-rio-sao-francisco","status":"publish","type":"post","link":"https:\/\/www.oparanews.com.br\/index.php\/2026\/01\/01\/reveillon-de-penedo-reune-multidao-valoriza-artistas-locais-e-emociona-com-espetaculo-de-fogos-no-rio-sao-francisco\/","title":{"rendered":"R\u00e9veillon de Penedo re\u00fane multid\u00e3o, valoriza artistas locais e emociona com espet\u00e1culo de fogos no Rio S\u00e3o Francisco"},"content":{"rendered":"<p>A chegada de 2026 foi marcada por emo\u00e7\u00e3o, organiza\u00e7\u00e3o e grande participa\u00e7\u00e3o popular no R\u00e9veillon de Penedo, realizado na noite da quarta-feira, 31, na orla da cidade. Uma verdadeira multid\u00e3o ocupou toda a extens\u00e3o da Pra\u00e7a 12 de Abril para celebrar a virada do ano em um clima de alegria, seguran\u00e7a e confraterniza\u00e7\u00e3o.<\/p>\n<p>&nbsp;<\/p>\n<p>A programa\u00e7\u00e3o musical valorizou os talentos da terra, com apresenta\u00e7\u00f5es dos artistas penedenses Allan David e Elaine Nascimento, que animaram o p\u00fablico com repert\u00f3rios envolventes e cheios de identidade local. As apresenta\u00e7\u00f5es refor\u00e7aram o compromisso da Prefeitura de Penedo com a valoriza\u00e7\u00e3o da cultura e dos artistas do munic\u00edpio, fortalecendo a cena musical da cidade.<\/p>\n<p>&nbsp;<\/p>\n<p>O ponto alto da noite foi o espet\u00e1culo de fogos de artif\u00edcio lan\u00e7ado diretamente do Rio S\u00e3o Francisco, que iluminou todo o cen\u00e1rio hist\u00f3rico de Penedo. Foram 17 minutos de show pirot\u00e9cnico sem estampidos, uma escolha consciente e respons\u00e1vel para respeitar idosos, pessoas com sensibilidade auditiva, pessoas com defici\u00eancia e os animais. A iniciativa foi amplamente elogiada pelo p\u00fablico presente e por quem acompanhou a virada em fam\u00edlia.<\/p>\n<p>&nbsp;<\/p>\n<p>Com uma cidade totalmente iluminada e decorada, Penedo tamb\u00e9m encantou moradores e visitantes com seus pontos instagram\u00e1veis do Natal, que seguiram sendo um grande atrativo durante o R\u00e9veillon. O conjunto da programa\u00e7\u00e3o, aliado \u00e0 beleza natural e arquitet\u00f4nica da cidade, consolidou Penedo como um dos destinos mais procurados de Alagoas para celebrar o fim de ano.<\/p>\n<p>&nbsp;<\/p>\n<p>O R\u00e9veillon 2026 refor\u00e7a o momento positivo vivido pelo munic\u00edpio, que segue investindo em eventos bem planejados, inclusivos e que movimentam o turismo, a economia local e o orgulho de ser penedense.<\/p>\n<p>&nbsp;<\/p>\n<p>&nbsp;<\/p>\n<p>&nbsp;<\/p>\n<p><strong>Fonte: Secom PMP<\/strong><\/p>\n<p>&nbsp;<\/p>\n","protected":false},"excerpt":{"rendered":"<p>A chegada de 2026 foi marcada por emo\u00e7\u00e3o, organiza\u00e7\u00e3o e grande participa\u00e7\u00e3o popular no R\u00e9veillon de Penedo, realizado na noite da quarta-feira, 31, na orla da cidade. Uma verdadeira multid\u00e3o ocupou toda a extens\u00e3o da Pra\u00e7a 12 de Abril para celebrar a virada do ano em um clima de alegria, seguran\u00e7a e confraterniza\u00e7\u00e3o. &nbsp; A &hellip;<\/p>\n","protected":false},"author":2,"featured_media":36441,"comment_status":"open","ping_status":"open","sticky":false,"template":"","format":"standard","meta":{"_jetpack_memberships_contains_paid_content":false,"footnotes":""},"categories":[1,3],"tags":[],"class_list":["post-36440","post","type-post","status-publish","format-standard","has-post-thumbnail","hentry","category-destaque","category-penedo"],"jetpack_featured_media_url":"https:\/\/www.oparanews.com.br\/wp-content\/uploads\/2026\/01\/DSC_2829-scaled-1.jpg","jetpack_sharing_enabled":true,"_links":{"self":[{"href":"https:\/\/www.oparanews.com.br\/index.php\/wp-json\/wp\/v2\/posts\/36440","targetHints":{"allow":["GET"]}}],"collection":[{"href":"https:\/\/www.oparanews.com.br\/index.php\/wp-json\/wp\/v2\/posts"}],"about":[{"href":"https:\/\/www.oparanews.com.br\/index.php\/wp-json\/wp\/v2\/types\/post"}],"author":[{"embeddable":true,"href":"https:\/\/www.oparanews.com.br\/index.php\/wp-json\/wp\/v2\/users\/2"}],"replies":[{"embeddable":true,"href":"https:\/\/www.oparanews.com.br\/index.php\/wp-json\/wp\/v2\/comments?post=36440"}],"version-history":[{"count":3,"href":"https:\/\/www.oparanews.com.br\/index.php\/wp-json\/wp\/v2\/posts\/36440\/revisions"}],"predecessor-version":[{"id":36444,"href":"https:\/\/www.oparanews.com.br\/index.php\/wp-json\/wp\/v2\/posts\/36440\/revisions\/36444"}],"wp:featuredmedia":[{"embeddable":true,"href":"https:\/\/www.oparanews.com.br\/index.php\/wp-json\/wp\/v2\/media\/36441"}],"wp:attachment":[{"href":"https:\/\/www.oparanews.com.br\/index.php\/wp-json\/wp\/v2\/media?parent=36440"}],"wp:term":[{"taxonomy":"category","embeddable":true,"href":"https:\/\/www.oparanews.com.br\/index.php\/wp-json\/wp\/v2\/categories?post=36440"},{"taxonomy":"post_tag","embeddable":true,"href":"https:\/\/www.oparanews.com.br\/index.php\/wp-json\/wp\/v2\/tags?post=36440"}],"curies":[{"name":"wp","href":"https:\/\/api.w.org\/{rel}","templated":true}]}}