{"id":36468,"date":"2026-01-06T14:22:59","date_gmt":"2026-01-06T17:22:59","guid":{"rendered":"https:\/\/www.oparanews.com.br\/?p=36468"},"modified":"2026-01-06T14:23:13","modified_gmt":"2026-01-06T17:23:13","slug":"prefeitura-de-penedo-abre-matricula-para-novatos-no-ano-letivo-2026","status":"publish","type":"post","link":"https:\/\/www.oparanews.com.br\/index.php\/2026\/01\/06\/prefeitura-de-penedo-abre-matricula-para-novatos-no-ano-letivo-2026\/","title":{"rendered":"Prefeitura de Penedo abre matr\u00edcula para novatos no ano letivo 2026"},"content":{"rendered":"<p>Est\u00e1 aberto o per\u00edodo de matr\u00edcula para estudantes novatos na rede p\u00fablica municipal de Penedo. Pais ou respons\u00e1veis por crian\u00e7as e adolescentes j\u00e1 podem ir at\u00e9 a unidade de ensino da Prefeitura de Penedo mais pr\u00f3xima de sua casa para efetuar a solicita\u00e7\u00e3o.<\/p>\n<p>&nbsp;<\/p>\n<p>O acesso a um ensino de qualidade est\u00e1 dispon\u00edvel em todas as unidades de ensino da Secretaria Municipal de Educa\u00e7\u00e3o (SEMED) at\u00e9 o dia 23 de janeiro, prazo que pode ser antecipado ou estendido, dependendo do n\u00famero de vagas em cada escola ou Centro Municipal de Educa\u00e7\u00e3o Infantil (CMEI), nomeclatura oficial para creche-escola.<\/p>\n<p>&nbsp;<\/p>\n<p><strong><em>No ato da matr\u00edcula, os pais ou pessoa respons\u00e1vel pelo estudante precisam apresentar os seguintes documentos:\u00a0<\/em><\/strong><\/p>\n<p>&nbsp;<\/p>\n<ul>\n<li>RG e CPF do pai, m\u00e3e ou respons\u00e1vel legal<\/li>\n<li>Certid\u00e3o de nascimento ou casamento do estudante<\/li>\n<li>RG e CPF do estudante<\/li>\n<li>Comprovante de resid\u00eancia dos pais ou respons\u00e1veis<\/li>\n<li>Cart\u00e3o atualizado de vacina do estudante<\/li>\n<li>Hist\u00f3rico escolar ou atestado de transfer\u00eancia<\/li>\n<li>Cart\u00e3o do SUS do estudante<\/li>\n<li>Duas fotos 3\u00d74 recentes do estudante<\/li>\n<li>Parecer descritivo da Educa\u00e7\u00e3o Infantil, se houver necessidade<\/li>\n<\/ul>\n<p>&nbsp;<\/p>\n<p>Al\u00e9m da abertura do prazo de matr\u00edcula para novatos, tamb\u00e9m \u00e9 poss\u00edvel fazer a solicita\u00e7\u00e3o de transfer\u00eancia ou a renova\u00e7\u00e3o da perman\u00eancia do estudante em sua respectiva unidade de ensino da SEMED, conforme hor\u00e1rio de atendimento ao p\u00fablico em cada escola ou CMEI da Prefeitura de Penedo.<\/p>\n<p><strong>\u00a0<\/strong><\/p>\n<p><strong>\u00a0<\/strong><\/p>\n<p>&nbsp;<\/p>\n<p>&nbsp;<\/p>\n<p><strong>Fonte: SECOM\/PMP<\/strong><\/p>\n<p>&nbsp;<\/p>\n","protected":false},"excerpt":{"rendered":"<p>Est\u00e1 aberto o per\u00edodo de matr\u00edcula para estudantes novatos na rede p\u00fablica municipal de Penedo. Pais ou respons\u00e1veis por crian\u00e7as e adolescentes j\u00e1 podem ir at\u00e9 a unidade de ensino da Prefeitura de Penedo mais pr\u00f3xima de sua casa para efetuar a solicita\u00e7\u00e3o. &nbsp; O acesso a um ensino de qualidade est\u00e1 dispon\u00edvel em todas &hellip;<\/p>\n","protected":false},"author":2,"featured_media":36469,"comment_status":"open","ping_status":"open","sticky":false,"template":"","format":"standard","meta":{"_jetpack_memberships_contains_paid_content":false,"footnotes":""},"categories":[1,3],"tags":[],"class_list":["post-36468","post","type-post","status-publish","format-standard","has-post-thumbnail","hentry","category-destaque","category-penedo"],"jetpack_featured_media_url":"https:\/\/www.oparanews.com.br\/wp-content\/uploads\/2026\/01\/semed-penedo-avalia-leticia-almeida-4.avif","jetpack_sharing_enabled":true,"_links":{"self":[{"href":"https:\/\/www.oparanews.com.br\/index.php\/wp-json\/wp\/v2\/posts\/36468","targetHints":{"allow":["GET"]}}],"collection":[{"href":"https:\/\/www.oparanews.com.br\/index.php\/wp-json\/wp\/v2\/posts"}],"about":[{"href":"https:\/\/www.oparanews.com.br\/index.php\/wp-json\/wp\/v2\/types\/post"}],"author":[{"embeddable":true,"href":"https:\/\/www.oparanews.com.br\/index.php\/wp-json\/wp\/v2\/users\/2"}],"replies":[{"embeddable":true,"href":"https:\/\/www.oparanews.com.br\/index.php\/wp-json\/wp\/v2\/comments?post=36468"}],"version-history":[{"count":2,"href":"https:\/\/www.oparanews.com.br\/index.php\/wp-json\/wp\/v2\/posts\/36468\/revisions"}],"predecessor-version":[{"id":36471,"href":"https:\/\/www.oparanews.com.br\/index.php\/wp-json\/wp\/v2\/posts\/36468\/revisions\/36471"}],"wp:featuredmedia":[{"embeddable":true,"href":"https:\/\/www.oparanews.com.br\/index.php\/wp-json\/wp\/v2\/media\/36469"}],"wp:attachment":[{"href":"https:\/\/www.oparanews.com.br\/index.php\/wp-json\/wp\/v2\/media?parent=36468"}],"wp:term":[{"taxonomy":"category","embeddable":true,"href":"https:\/\/www.oparanews.com.br\/index.php\/wp-json\/wp\/v2\/categories?post=36468"},{"taxonomy":"post_tag","embeddable":true,"href":"https:\/\/www.oparanews.com.br\/index.php\/wp-json\/wp\/v2\/tags?post=36468"}],"curies":[{"name":"wp","href":"https:\/\/api.w.org\/{rel}","templated":true}]}}