{"id":36574,"date":"2026-01-19T14:36:32","date_gmt":"2026-01-19T17:36:32","guid":{"rendered":"https:\/\/www.oparanews.com.br\/?p=36574"},"modified":"2026-01-19T14:36:32","modified_gmt":"2026-01-19T17:36:32","slug":"prefeitura-de-penedo-leva-programa-assistencia-com-voce-ao-tabuleiro-dos-negros","status":"publish","type":"post","link":"https:\/\/www.oparanews.com.br\/index.php\/2026\/01\/19\/prefeitura-de-penedo-leva-programa-assistencia-com-voce-ao-tabuleiro-dos-negros\/","title":{"rendered":"Prefeitura de Penedo leva Programa Assist\u00eancia Com Voc\u00ea ao Tabuleiro dos Negros"},"content":{"rendered":"<p>A Prefeitura de Penedo, por meio da Secretaria Municipal de Assist\u00eancia Social e Direitos Humanos, realizar\u00e1 programa\u00a0Assist\u00eancia Com Voc\u00ea no\u00a0povoado Tabuleiro dos Negros\u00a0no dia 28 de janeiro.<\/p>\n<p>&nbsp;<\/p>\n<p>O evento na comunidade remanescente quilombola acontecer\u00e1 a partir das 14 horas, na\u00a0<a href=\"https:\/\/penedo.al.gov.br\/2023\/07\/22\/prefeito-ronaldo-lopes-entrega-investimentos-no-povoado-quilombola-tabuleiro-dos-negros\/\"><strong>Pra\u00e7a Le\u00f4ncio Matias<\/strong><\/a>. O objetivo \u00e9 aproximar os servi\u00e7os p\u00fablicos e benef\u00edcios sociais da comunidade, oferecendo suporte direto \u00e0s fam\u00edlias de baixa renda.<\/p>\n<p>&nbsp;<\/p>\n<p>Durante a a\u00e7\u00e3o que aproxima o poder p\u00fablico do povo, os moradores do Tabuleiro dos Negros e das comunidades pr\u00f3ximas ter\u00e3o acesso a uma s\u00e9rie de servi\u00e7os, entre eles:<\/p>\n<p>&nbsp;<\/p>\n<ul>\n<li>Orienta\u00e7\u00f5es sobre o Bolsa Fam\u00edlia e outros programas sociais<\/li>\n<li>Tenda da Mulher<\/li>\n<li>Encaminhamento para emiss\u00e3o de 2\u00aa via de Certid\u00e3o de Nascimento.<\/li>\n<li>Tarifa social de \u00e1gua e energia el\u00e9trica, al\u00e9m de troca de l\u00e2mpadas<\/li>\n<li>Corte de cabelo masculino<\/li>\n<li>Espa\u00e7o Kids<\/li>\n<li>Sorteio de pr\u00eamios<\/li>\n<\/ul>\n<p>&nbsp;<\/p>\n<p>A iniciativa refor\u00e7a o compromisso da gest\u00e3o com a descentraliza\u00e7\u00e3o do atendimento p\u00fablico, garantindo que os direitos e servi\u00e7os cheguem a quem mais precisa, independentemente da dist\u00e2ncia do centro urbano.<\/p>\n<p>&nbsp;<\/p>\n<p><strong>Servi\u00e7o<\/strong><\/p>\n<p>&nbsp;<\/p>\n<ul>\n<li>Programa Assist\u00eancia Com Voc\u00ea<\/li>\n<li>Povoado Tabuleiro dos Negros (Pra\u00e7a Le\u00f4ncio Matias)<\/li>\n<li>28 de Janeiro<\/li>\n<li>14h \u00e0s 18 horas<\/li>\n<\/ul>\n<p><strong>\u00a0<\/strong><\/p>\n<p><strong>\u00a0<\/strong><\/p>\n<p><strong>\u00a0<\/strong><\/p>\n<p><strong>\u00a0<\/strong><\/p>\n<p><strong>Por Secom PMP<\/strong><\/p>\n","protected":false},"excerpt":{"rendered":"<p>A Prefeitura de Penedo, por meio da Secretaria Municipal de Assist\u00eancia Social e Direitos Humanos, realizar\u00e1 programa\u00a0Assist\u00eancia Com Voc\u00ea no\u00a0povoado Tabuleiro dos Negros\u00a0no dia 28 de janeiro. &nbsp; O evento na comunidade remanescente quilombola acontecer\u00e1 a partir das 14 horas, na\u00a0Pra\u00e7a Le\u00f4ncio Matias. O objetivo \u00e9 aproximar os servi\u00e7os p\u00fablicos e benef\u00edcios sociais da comunidade, &hellip;<\/p>\n","protected":false},"author":2,"featured_media":36575,"comment_status":"open","ping_status":"open","sticky":false,"template":"","format":"standard","meta":{"_jetpack_memberships_contains_paid_content":false,"footnotes":""},"categories":[1,3],"tags":[],"class_list":["post-36574","post","type-post","status-publish","format-standard","has-post-thumbnail","hentry","category-destaque","category-penedo"],"jetpack_featured_media_url":"https:\/\/www.oparanews.com.br\/wp-content\/uploads\/2026\/01\/programa-assistencia-com-voce-semasdh-penedo.avif","jetpack_sharing_enabled":true,"_links":{"self":[{"href":"https:\/\/www.oparanews.com.br\/index.php\/wp-json\/wp\/v2\/posts\/36574","targetHints":{"allow":["GET"]}}],"collection":[{"href":"https:\/\/www.oparanews.com.br\/index.php\/wp-json\/wp\/v2\/posts"}],"about":[{"href":"https:\/\/www.oparanews.com.br\/index.php\/wp-json\/wp\/v2\/types\/post"}],"author":[{"embeddable":true,"href":"https:\/\/www.oparanews.com.br\/index.php\/wp-json\/wp\/v2\/users\/2"}],"replies":[{"embeddable":true,"href":"https:\/\/www.oparanews.com.br\/index.php\/wp-json\/wp\/v2\/comments?post=36574"}],"version-history":[{"count":1,"href":"https:\/\/www.oparanews.com.br\/index.php\/wp-json\/wp\/v2\/posts\/36574\/revisions"}],"predecessor-version":[{"id":36576,"href":"https:\/\/www.oparanews.com.br\/index.php\/wp-json\/wp\/v2\/posts\/36574\/revisions\/36576"}],"wp:featuredmedia":[{"embeddable":true,"href":"https:\/\/www.oparanews.com.br\/index.php\/wp-json\/wp\/v2\/media\/36575"}],"wp:attachment":[{"href":"https:\/\/www.oparanews.com.br\/index.php\/wp-json\/wp\/v2\/media?parent=36574"}],"wp:term":[{"taxonomy":"category","embeddable":true,"href":"https:\/\/www.oparanews.com.br\/index.php\/wp-json\/wp\/v2\/categories?post=36574"},{"taxonomy":"post_tag","embeddable":true,"href":"https:\/\/www.oparanews.com.br\/index.php\/wp-json\/wp\/v2\/tags?post=36574"}],"curies":[{"name":"wp","href":"https:\/\/api.w.org\/{rel}","templated":true}]}}