{"id":36630,"date":"2026-01-28T16:48:50","date_gmt":"2026-01-28T19:48:50","guid":{"rendered":"https:\/\/www.oparanews.com.br\/?p=36630"},"modified":"2026-01-28T16:48:50","modified_gmt":"2026-01-28T19:48:50","slug":"retrospectiva-vereador-alcides-andrade","status":"publish","type":"post","link":"https:\/\/www.oparanews.com.br\/index.php\/2026\/01\/28\/retrospectiva-vereador-alcides-andrade\/","title":{"rendered":"RETROSPECTIVA &#8211; Vereador Alcides Andrade"},"content":{"rendered":"<h1><\/h1>\n<h1 class=\"post-title entry-title\">1. Vereador Cidoca prepara PL sobre naturalidade das crian\u00e7as<\/h1>\n<p>&nbsp;<\/p>\n<p>O edil penedense, Alcides Andrade Neto (Cidoca), que se encontra de Licen\u00e7a M\u00e9dica, em conversa com nossa reportagem informou que ir\u00e1 apresentar um Projeto de Lei na C\u00e2mara Municipal de Penedo que regulamenta a lei federal n.\u00ba 13.484 de 26 de setembro de 2017, na qual permite que a m\u00e3e registre a naturalidade da crian\u00e7a na cidade onde reside, independentemente do local de nascimento.<\/p>\n<p>&nbsp;<\/p>\n<p>\u201cQuando eu retornar as minha atividades normal na C\u00e2mara de Penedo irei apresentar esse projeto de Lei\u201d, afirmou Cidoca.<\/p>\n<p>&nbsp;<\/p>\n<h1 class=\"post-title entry-title\">2. Den\u00fancias na Santa Casa de Penedo: requerimento apresentado pelo vereador Cidoca n\u00e3o \u00e9 aprovado<\/h1>\n<p>&nbsp;<\/p>\n<p>Em sess\u00e3o ordin\u00e1ria realizada na C\u00e2mara Municipal de Penedo, o vereador Alcides Andrade Neto (Cidoca) apresentou um requerimento solicitando junto ao Juiz de Direito Civil de Penedo com c\u00f3pia para o Minist\u00e9rio P\u00fablico de Alagoas que fa\u00e7am uma visita na Santa Casa de Miseric\u00f3rdia de Penedo e apure as den\u00fancias que est\u00e3o sendo feitas pelas m\u00e3es dos beb\u00eas e familiares ap\u00f3s registros de \u00f3bitos.<\/p>\n<p>&nbsp;<\/p>\n<p>Ap\u00f3s v\u00e1rias discuss\u00f5es em plen\u00e1rio entre os vereadores, o requerimento do Cidoca n\u00e3o foi aprovado pela bancada governista com a justificativa de que o documento apresentado feriu o regimento interno da C\u00e2mara.<\/p>\n<p>&nbsp;<\/p>\n<h1 class=\"post-title entry-title\">3. Vereador Cidoca cobra o gestor municipal obras que n\u00e3o foram realizadas<\/h1>\n<p>&nbsp;<\/p>\n<p>Em sess\u00e3o ordin\u00e1ria realizada no \u00faltimo dia 18 de dezembro de 2025, na C\u00e2mara\u00a0 Municipal de Penedo, o edil penedense Alcides Andrade Neto (Cidoca) usou a tribuna do plen\u00e1rio para cobrar algumas obras que n\u00e3o foram realizadas at\u00e9 o momento no munic\u00edpio de Penedo, entre elas a revitaliza\u00e7\u00e3o da pra\u00e7a 12 de abril e a reforma do pr\u00e9dio da banca do peixe onde, segundo o plano de governo, ir\u00e1 funcionar um centro de apoio tur\u00edstico de Penedo.<\/p>\n<p>&nbsp;<\/p>\n<p>&nbsp;<\/p>\n<p>&nbsp;<\/p>\n<p>&nbsp;<\/p>\n<p><strong>por Reda\u00e7\u00e3o<\/strong><\/p>\n","protected":false},"excerpt":{"rendered":"<p>1. Vereador Cidoca prepara PL sobre naturalidade das crian\u00e7as &nbsp; O edil penedense, Alcides Andrade Neto (Cidoca), que se encontra de Licen\u00e7a M\u00e9dica, em conversa com nossa reportagem informou que ir\u00e1 apresentar um Projeto de Lei na C\u00e2mara Municipal de Penedo que regulamenta a lei federal n.\u00ba 13.484 de 26 de setembro de 2017, na &hellip;<\/p>\n","protected":false},"author":2,"featured_media":34735,"comment_status":"open","ping_status":"open","sticky":false,"template":"","format":"standard","meta":{"_jetpack_memberships_contains_paid_content":false,"footnotes":""},"categories":[32],"tags":[],"class_list":["post-36630","post","type-post","status-publish","format-standard","has-post-thumbnail","hentry","category-noticias"],"jetpack_featured_media_url":"https:\/\/www.oparanews.com.br\/wp-content\/uploads\/2025\/04\/cereador-cidoca-alcides-andrade-neto.jpg","jetpack_sharing_enabled":true,"_links":{"self":[{"href":"https:\/\/www.oparanews.com.br\/index.php\/wp-json\/wp\/v2\/posts\/36630","targetHints":{"allow":["GET"]}}],"collection":[{"href":"https:\/\/www.oparanews.com.br\/index.php\/wp-json\/wp\/v2\/posts"}],"about":[{"href":"https:\/\/www.oparanews.com.br\/index.php\/wp-json\/wp\/v2\/types\/post"}],"author":[{"embeddable":true,"href":"https:\/\/www.oparanews.com.br\/index.php\/wp-json\/wp\/v2\/users\/2"}],"replies":[{"embeddable":true,"href":"https:\/\/www.oparanews.com.br\/index.php\/wp-json\/wp\/v2\/comments?post=36630"}],"version-history":[{"count":1,"href":"https:\/\/www.oparanews.com.br\/index.php\/wp-json\/wp\/v2\/posts\/36630\/revisions"}],"predecessor-version":[{"id":36631,"href":"https:\/\/www.oparanews.com.br\/index.php\/wp-json\/wp\/v2\/posts\/36630\/revisions\/36631"}],"wp:featuredmedia":[{"embeddable":true,"href":"https:\/\/www.oparanews.com.br\/index.php\/wp-json\/wp\/v2\/media\/34735"}],"wp:attachment":[{"href":"https:\/\/www.oparanews.com.br\/index.php\/wp-json\/wp\/v2\/media?parent=36630"}],"wp:term":[{"taxonomy":"category","embeddable":true,"href":"https:\/\/www.oparanews.com.br\/index.php\/wp-json\/wp\/v2\/categories?post=36630"},{"taxonomy":"post_tag","embeddable":true,"href":"https:\/\/www.oparanews.com.br\/index.php\/wp-json\/wp\/v2\/tags?post=36630"}],"curies":[{"name":"wp","href":"https:\/\/api.w.org\/{rel}","templated":true}]}}