{"id":36632,"date":"2026-01-28T16:51:46","date_gmt":"2026-01-28T19:51:46","guid":{"rendered":"https:\/\/www.oparanews.com.br\/?p=36632"},"modified":"2026-01-28T16:51:46","modified_gmt":"2026-01-28T19:51:46","slug":"retrospectiva-vereador-valdy-idalino","status":"publish","type":"post","link":"https:\/\/www.oparanews.com.br\/index.php\/2026\/01\/28\/retrospectiva-vereador-valdy-idalino\/","title":{"rendered":"RETROSPECTIVA &#8211; Vereador Valdy Idalino"},"content":{"rendered":"<h1 class=\"post-title entry-title\">1. Vereador Valdy Idalino destaca import\u00e2ncia do esporte para sociedade<\/h1>\n<p>Em sess\u00e3o ordin\u00e1ria realizada na \u00faltima semana na C\u00e2mara Municipal de Vereadores de Penedo, o vereador Valdy Idalino destacou a import\u00e2ncia do esporte na sociedade e ao mesmo tempo, aproveitando a presen\u00e7a do Secret\u00e1rio de Esporte de Penedo, Juca Vasconcelos, solicitou melhorias nos campos de futebol amador.<\/p>\n<p>&nbsp;<\/p>\n<p>\u201c<em>A presen\u00e7a do secret\u00e1rio de esportes \u00e9 fundamental para discutir o desenvolvimento do esporte na cidade e na regi\u00e3o. Ele est\u00e1 aqui para apresentar as a\u00e7\u00f5es e melhorias necess\u00e1rias.<\/em><\/p>\n<p>&nbsp;<\/p>\n<p><em>A falta de espa\u00e7os para a pr\u00e1tica de esportes amadores em Penedo \u00e9 um problema significativo que afeta a comunidade. A escassez de campos e \u00e1reas de lazer limita as oportunidades para jovens e atletas locais.<\/em><\/p>\n<p>&nbsp;<\/p>\n<p><em>A cidade de Penedo enfrenta desafios em rela\u00e7\u00e3o \u00e0 manuten\u00e7\u00e3o e estrutura dos campos de futebol amador, devido a or\u00e7amento limitado e destrui\u00e7\u00e3o frequente dos gramados. A solu\u00e7\u00e3o proposta envolve a constru\u00e7\u00e3o de campos sint\u00e9ticos iluminados para melhor atender \u00e0 demanda da popula\u00e7\u00e3o e das equipes<\/em>.\u201d<\/p>\n<p>&nbsp;<\/p>\n<h1 class=\"post-title entry-title\">2. Vereador Valdy Idalino apoio PL que cria o Dia da Consci\u00eancia Negra em Penedo<\/h1>\n<p>Durante sess\u00e3o ordin\u00e1ria realizada na C\u00e2mara Municipal de Penedo, no ultimo dia 13 de novembro de 2025, representantes da sociedade quilombola de Penedo marcaram presen\u00e7a no plen\u00e1rio para falar sobre as comemora\u00e7\u00f5es da Consci\u00eancia Negra.<\/p>\n<p>&nbsp;<\/p>\n<p>O edil Valdy Idalino se solidarizou com os representantes da classe e enfatizou que ir\u00e1 apoiar junto com os colegas da Casa Legislativa para que seja aprovado o dia da Consci\u00eancia Negra em Penedo.<\/p>\n<p>&nbsp;<\/p>\n<p>\u201cQuero parabenizar a todos que representam essa classe em Penedo e dizer que voc\u00eas ter\u00e3o meu apoiou incondicional no que for necess\u00e1rio\u201d, disse Valdy Idalino.<\/p>\n<p>&nbsp;<\/p>\n<h1 class=\"post-title entry-title\">3. Vereador Valdy Idalino requer que seja irrigada as gramas das pra\u00e7as de Penedo<\/h1>\n<p>Em sess\u00e3o ordin\u00e1ria realizada no \u00faltimo dia 18 de dezembro de 2025, na C\u00e2mara Municipal de Penedo, o edil penedense Valdy Idalino apresentou requerimento junto ao secret\u00e1rio do Meio Ambiente, Fagner Matias, que seja feita a irriga\u00e7\u00e3o da grama na pra\u00e7a da Cohab, pois com o forte calor que est\u00e1 em Penedo a grama est\u00e1 morrendo. Valdy destacou tamb\u00e9m que n\u00e3o somente na pra\u00e7a da Cohab seja feito esse trabalho mais em todas as pra\u00e7as de Penedo.<\/p>\n<p>&nbsp;<\/p>\n<p>&nbsp;<\/p>\n<p>&nbsp;<\/p>\n<p><strong>por Reda\u00e7\u00e3o<\/strong><\/p>\n","protected":false},"excerpt":{"rendered":"<p>1. Vereador Valdy Idalino destaca import\u00e2ncia do esporte para sociedade Em sess\u00e3o ordin\u00e1ria realizada na \u00faltima semana na C\u00e2mara Municipal de Vereadores de Penedo, o vereador Valdy Idalino destacou a import\u00e2ncia do esporte na sociedade e ao mesmo tempo, aproveitando a presen\u00e7a do Secret\u00e1rio de Esporte de Penedo, Juca Vasconcelos, solicitou melhorias nos campos de &hellip;<\/p>\n","protected":false},"author":2,"featured_media":35357,"comment_status":"open","ping_status":"open","sticky":false,"template":"","format":"standard","meta":{"_jetpack_memberships_contains_paid_content":false,"footnotes":""},"categories":[32],"tags":[],"class_list":["post-36632","post","type-post","status-publish","format-standard","has-post-thumbnail","hentry","category-noticias"],"jetpack_featured_media_url":"https:\/\/www.oparanews.com.br\/wp-content\/uploads\/2025\/07\/valdir-idalino.png","jetpack_sharing_enabled":true,"_links":{"self":[{"href":"https:\/\/www.oparanews.com.br\/index.php\/wp-json\/wp\/v2\/posts\/36632","targetHints":{"allow":["GET"]}}],"collection":[{"href":"https:\/\/www.oparanews.com.br\/index.php\/wp-json\/wp\/v2\/posts"}],"about":[{"href":"https:\/\/www.oparanews.com.br\/index.php\/wp-json\/wp\/v2\/types\/post"}],"author":[{"embeddable":true,"href":"https:\/\/www.oparanews.com.br\/index.php\/wp-json\/wp\/v2\/users\/2"}],"replies":[{"embeddable":true,"href":"https:\/\/www.oparanews.com.br\/index.php\/wp-json\/wp\/v2\/comments?post=36632"}],"version-history":[{"count":1,"href":"https:\/\/www.oparanews.com.br\/index.php\/wp-json\/wp\/v2\/posts\/36632\/revisions"}],"predecessor-version":[{"id":36633,"href":"https:\/\/www.oparanews.com.br\/index.php\/wp-json\/wp\/v2\/posts\/36632\/revisions\/36633"}],"wp:featuredmedia":[{"embeddable":true,"href":"https:\/\/www.oparanews.com.br\/index.php\/wp-json\/wp\/v2\/media\/35357"}],"wp:attachment":[{"href":"https:\/\/www.oparanews.com.br\/index.php\/wp-json\/wp\/v2\/media?parent=36632"}],"wp:term":[{"taxonomy":"category","embeddable":true,"href":"https:\/\/www.oparanews.com.br\/index.php\/wp-json\/wp\/v2\/categories?post=36632"},{"taxonomy":"post_tag","embeddable":true,"href":"https:\/\/www.oparanews.com.br\/index.php\/wp-json\/wp\/v2\/tags?post=36632"}],"curies":[{"name":"wp","href":"https:\/\/api.w.org\/{rel}","templated":true}]}}