{"id":36766,"date":"2026-02-15T21:35:41","date_gmt":"2026-02-16T00:35:41","guid":{"rendered":"https:\/\/www.oparanews.com.br\/?p=36766"},"modified":"2026-02-16T21:37:00","modified_gmt":"2026-02-17T00:37:00","slug":"preso-e-assassinado-com-espeto-no-presidio-de-seguranca-maxima-de-maceio","status":"publish","type":"post","link":"https:\/\/www.oparanews.com.br\/index.php\/2026\/02\/15\/preso-e-assassinado-com-espeto-no-presidio-de-seguranca-maxima-de-maceio\/","title":{"rendered":"Preso \u00e9 assassinado com espeto no Pres\u00eddio de Seguran\u00e7a M\u00e1xima de Macei\u00f3"},"content":{"rendered":"<div id=\"chunk-bb1rb\">\n<div class=\"mc-column content-text active-extra-styles \" data-block-type=\"unstyled\" data-block-weight=\"31\" data-block-id=\"3\">\n<p class=\" content-text__container \" data-track-category=\"Link no Texto\" data-track-links=\"\" data-mrf-recirculation=\"Mat\u00e9ria - Links no Texto\">Um detento foi assassinado com um espeto, no s\u00e1bado (14), no Pres\u00eddio de Seguran\u00e7a M\u00e1xima de\u00a0<a class=\"\" href=\"https:\/\/g1.globo.com\/al\/alagoas\/cidade\/maceio\/\" data-mrf-link=\"https:\/\/g1.globo.com\/al\/alagoas\/cidade\/maceio\/\">Macei\u00f3<\/a>, localizado no bairro da Cidade Universit\u00e1ria.\u00a0<strong>A v\u00edtima e os suspeitos n\u00e3o foram identificados.<\/strong><\/p>\n<\/div>\n<\/div>\n<div class=\"wall protected-content\">\n<div id=\"chunk-cmdpk\">\n<div class=\"mc-column content-text active-extra-styles \" data-block-type=\"unstyled\" data-block-weight=\"36\" data-block-id=\"5\">\n<p class=\" content-text__container \" data-track-category=\"Link no Texto\" data-track-links=\"\" data-mrf-recirculation=\"Mat\u00e9ria - Links no Texto\">O\u00a0<a class=\"\" href=\"https:\/\/g1.globo.com\/al\" data-mrf-link=\"https:\/\/g1.globo.com\/al\">g1\u00a0<\/a>entrou em contato com a Secretaria de Estado da Ressocializa\u00e7\u00e3o e Inclus\u00e3o Social (Seris), que informou que ir\u00e1 emitir uma nota sobre o caso. At\u00e9 a publica\u00e7\u00e3o dessa reportagem, a nota n\u00e3o foi enviada.<\/p>\n<\/div>\n<\/div>\n<\/div>\n<div class=\"wall protected-content\">\n<div id=\"chunk-2r6b0\">\n<div class=\"mc-column content-text active-extra-styles \" data-block-type=\"unstyled\" data-block-weight=\"38\" data-block-id=\"6\">\n<p class=\" content-text__container \" data-track-category=\"Link no Texto\" data-track-links=\"\" data-mrf-recirculation=\"Mat\u00e9ria - Links no Texto\">De acordo com a Pol\u00edcia Militar, uma guarni\u00e7\u00e3o foi at\u00e9 o pres\u00eddio e foi informada, pelos policiais penais, que dois criminosos cometeram o assassinato.\u00a0<span class=\"highlight highlighted\">Os suspeitos dividiam cela com a v\u00edtima<\/span>.\u00a0<strong>A motiva\u00e7\u00e3o do crime n\u00e3o foi divulgada.<\/strong><\/p>\n<\/div>\n<\/div>\n<\/div>\n<p data-track-category=\"Link no Texto\" data-track-links=\"\" data-mrf-recirculation=\"Mat\u00e9ria - Links no Texto\"><strong>Fonte: G1\/AL<\/strong><\/p>\n<p data-track-category=\"Link no Texto\" data-track-links=\"\" data-mrf-recirculation=\"Mat\u00e9ria - Links no Texto\">\n","protected":false},"excerpt":{"rendered":"<p>Um detento foi assassinado com um espeto, no s\u00e1bado (14), no Pres\u00eddio de Seguran\u00e7a M\u00e1xima de\u00a0Macei\u00f3, localizado no bairro da Cidade Universit\u00e1ria.\u00a0A v\u00edtima e os suspeitos n\u00e3o foram identificados. O\u00a0g1\u00a0entrou em contato com a Secretaria de Estado da Ressocializa\u00e7\u00e3o e Inclus\u00e3o Social (Seris), que informou que ir\u00e1 emitir uma nota sobre o caso. At\u00e9 a &hellip;<\/p>\n","protected":false},"author":2,"featured_media":36767,"comment_status":"open","ping_status":"open","sticky":false,"template":"","format":"standard","meta":{"_jetpack_memberships_contains_paid_content":false,"footnotes":""},"categories":[4,1],"tags":[],"class_list":["post-36766","post","type-post","status-publish","format-standard","has-post-thumbnail","hentry","category-alagoas","category-destaque"],"jetpack_featured_media_url":"https:\/\/www.oparanews.com.br\/wp-content\/uploads\/2026\/02\/dsc1975.avif","jetpack_sharing_enabled":true,"_links":{"self":[{"href":"https:\/\/www.oparanews.com.br\/index.php\/wp-json\/wp\/v2\/posts\/36766","targetHints":{"allow":["GET"]}}],"collection":[{"href":"https:\/\/www.oparanews.com.br\/index.php\/wp-json\/wp\/v2\/posts"}],"about":[{"href":"https:\/\/www.oparanews.com.br\/index.php\/wp-json\/wp\/v2\/types\/post"}],"author":[{"embeddable":true,"href":"https:\/\/www.oparanews.com.br\/index.php\/wp-json\/wp\/v2\/users\/2"}],"replies":[{"embeddable":true,"href":"https:\/\/www.oparanews.com.br\/index.php\/wp-json\/wp\/v2\/comments?post=36766"}],"version-history":[{"count":2,"href":"https:\/\/www.oparanews.com.br\/index.php\/wp-json\/wp\/v2\/posts\/36766\/revisions"}],"predecessor-version":[{"id":36769,"href":"https:\/\/www.oparanews.com.br\/index.php\/wp-json\/wp\/v2\/posts\/36766\/revisions\/36769"}],"wp:featuredmedia":[{"embeddable":true,"href":"https:\/\/www.oparanews.com.br\/index.php\/wp-json\/wp\/v2\/media\/36767"}],"wp:attachment":[{"href":"https:\/\/www.oparanews.com.br\/index.php\/wp-json\/wp\/v2\/media?parent=36766"}],"wp:term":[{"taxonomy":"category","embeddable":true,"href":"https:\/\/www.oparanews.com.br\/index.php\/wp-json\/wp\/v2\/categories?post=36766"},{"taxonomy":"post_tag","embeddable":true,"href":"https:\/\/www.oparanews.com.br\/index.php\/wp-json\/wp\/v2\/tags?post=36766"}],"curies":[{"name":"wp","href":"https:\/\/api.w.org\/{rel}","templated":true}]}}