{"id":36782,"date":"2026-02-17T23:57:01","date_gmt":"2026-02-18T02:57:01","guid":{"rendered":"https:\/\/www.oparanews.com.br\/?p=36782"},"modified":"2026-02-17T23:57:01","modified_gmt":"2026-02-18T02:57:01","slug":"homem-morre-apos-ser-atropelado-na-br-423-em-delmiro-gouveia","status":"publish","type":"post","link":"https:\/\/www.oparanews.com.br\/index.php\/2026\/02\/17\/homem-morre-apos-ser-atropelado-na-br-423-em-delmiro-gouveia\/","title":{"rendered":"Homem morre ap\u00f3s ser atropelado na BR-423, em Delmiro Gouveia"},"content":{"rendered":"<div id=\"chunk-f4q49\">\n<div class=\"mc-column content-text active-extra-styles \" data-block-type=\"unstyled\" data-block-weight=\"24\" data-block-id=\"3\">\n<p class=\" content-text__container \" data-track-category=\"Link no Texto\" data-track-links=\"\" data-mrf-recirculation=\"Mat\u00e9ria - Links no Texto\">Um homem de aproximadamente 40 anos morreu ap\u00f3s ser atropelado na manh\u00e3 desta ter\u00e7a-feira (17), na BR-423, em\u00a0<a class=\"\" href=\"https:\/\/g1.globo.com\/al\/alagoas\/cidade\/delmiro-gouveia\/\" data-mrf-link=\"https:\/\/g1.globo.com\/al\/alagoas\/cidade\/delmiro-gouveia\/\">Delmiro Gouveia<\/a>, no Sert\u00e3o de Alagoas.<\/p>\n<\/div>\n<\/div>\n<div class=\"wall protected-content\">\n<div id=\"chunk-dklql\">\n<div class=\"mc-column content-text active-extra-styles \" data-block-type=\"unstyled\" data-block-weight=\"33\" data-block-id=\"5\">\n<p class=\" content-text__container \" data-track-category=\"Link no Texto\" data-track-links=\"\" data-mrf-recirculation=\"Mat\u00e9ria - Links no Texto\">De acordo com o Corpo de Bombeiros Militar de Alagoas (CBMAL), o acidente aconteceu na zona rural do munic\u00edpio, nas proximidades do entroncamento do povoado Liobino, pr\u00f3ximo ao S\u00edtio Moreira, no sentido Inhapi.<\/p>\n<\/div>\n<\/div>\n<\/div>\n<p data-track-category=\"Link no Texto\" data-track-links=\"\" data-mrf-recirculation=\"Mat\u00e9ria - Links no Texto\">\n<p data-track-category=\"Link no Texto\" data-track-links=\"\" data-mrf-recirculation=\"Mat\u00e9ria - Links no Texto\">\n<div class=\"wall protected-content\">\n<div id=\"chunk-bednk\">\n<div class=\"mc-column content-text active-extra-styles \" data-block-type=\"unstyled\" data-block-weight=\"19\" data-block-id=\"6\">\n<p class=\" content-text__container \" data-track-category=\"Link no Texto\" data-track-links=\"\" data-mrf-recirculation=\"Mat\u00e9ria - Links no Texto\">Quando a guarni\u00e7\u00e3o chegou ao local, a v\u00edtima j\u00e1 estava sem vida. O \u00f3bito foi constatado ainda na rodovia.<\/p>\n<\/div>\n<\/div>\n<\/div>\n<p data-track-category=\"Link no Texto\" data-track-links=\"\" data-mrf-recirculation=\"Mat\u00e9ria - Links no Texto\">\n<p data-track-category=\"Link no Texto\" data-track-links=\"\" data-mrf-recirculation=\"Mat\u00e9ria - Links no Texto\">\n<div class=\"wall protected-content\">\n<div id=\"chunk-bdple\">\n<div class=\"mc-column content-text active-extra-styles \" data-block-type=\"unstyled\" data-block-weight=\"23\" data-block-id=\"7\">\n<p class=\" content-text__container \" data-track-category=\"Link no Texto\" data-track-links=\"\" data-mrf-recirculation=\"Mat\u00e9ria - Links no Texto\">A ocorr\u00eancia ficou sob responsabilidade da Pol\u00edcia Rodovi\u00e1ria Federal (PRF), que adotou os procedimentos legais cab\u00edveis e deve apurar as circunst\u00e2ncias do atropelamento.<\/p>\n<\/div>\n<\/div>\n<\/div>\n<p data-track-category=\"Link no Texto\" data-track-links=\"\" data-mrf-recirculation=\"Mat\u00e9ria - Links no Texto\">\n<p data-track-category=\"Link no Texto\" data-track-links=\"\" data-mrf-recirculation=\"Mat\u00e9ria - Links no Texto\">\n<div class=\"wall protected-content\">\n<div id=\"chunk-dvqn2\">\n<div class=\"mc-column content-text active-extra-styles \" data-block-type=\"unstyled\" data-block-weight=\"17\" data-block-id=\"8\">\n<p class=\" content-text__container \" data-track-category=\"Link no Texto\" data-track-links=\"\" data-mrf-recirculation=\"Mat\u00e9ria - Links no Texto\">O Corpo de Bombeiros refor\u00e7ou a import\u00e2ncia de aten\u00e7\u00e3o redobrada no tr\u00e2nsito, principalmente em trechos de rodovia.<\/p>\n<\/div>\n<\/div>\n<\/div>\n<p data-track-category=\"Link no Texto\" data-track-links=\"\" data-mrf-recirculation=\"Mat\u00e9ria - Links no Texto\">\n<p data-track-category=\"Link no Texto\" data-track-links=\"\" data-mrf-recirculation=\"Mat\u00e9ria - Links no Texto\">\n<p data-track-category=\"Link no Texto\" data-track-links=\"\" data-mrf-recirculation=\"Mat\u00e9ria - Links no Texto\">\n<p data-track-category=\"Link no Texto\" data-track-links=\"\" data-mrf-recirculation=\"Mat\u00e9ria - Links no Texto\"><strong>Fonte: G1\/AL<\/strong><\/p>\n","protected":false},"excerpt":{"rendered":"<p>Um homem de aproximadamente 40 anos morreu ap\u00f3s ser atropelado na manh\u00e3 desta ter\u00e7a-feira (17), na BR-423, em\u00a0Delmiro Gouveia, no Sert\u00e3o de Alagoas. De acordo com o Corpo de Bombeiros Militar de Alagoas (CBMAL), o acidente aconteceu na zona rural do munic\u00edpio, nas proximidades do entroncamento do povoado Liobino, pr\u00f3ximo ao S\u00edtio Moreira, no sentido &hellip;<\/p>\n","protected":false},"author":2,"featured_media":36783,"comment_status":"open","ping_status":"open","sticky":false,"template":"","format":"standard","meta":{"_jetpack_memberships_contains_paid_content":false,"footnotes":""},"categories":[4,1],"tags":[],"class_list":["post-36782","post","type-post","status-publish","format-standard","has-post-thumbnail","hentry","category-alagoas","category-destaque"],"jetpack_featured_media_url":"https:\/\/www.oparanews.com.br\/wp-content\/uploads\/2026\/02\/whatsapp-image-2023-09-13-at-06.17.21-1-.webp","jetpack_sharing_enabled":true,"_links":{"self":[{"href":"https:\/\/www.oparanews.com.br\/index.php\/wp-json\/wp\/v2\/posts\/36782","targetHints":{"allow":["GET"]}}],"collection":[{"href":"https:\/\/www.oparanews.com.br\/index.php\/wp-json\/wp\/v2\/posts"}],"about":[{"href":"https:\/\/www.oparanews.com.br\/index.php\/wp-json\/wp\/v2\/types\/post"}],"author":[{"embeddable":true,"href":"https:\/\/www.oparanews.com.br\/index.php\/wp-json\/wp\/v2\/users\/2"}],"replies":[{"embeddable":true,"href":"https:\/\/www.oparanews.com.br\/index.php\/wp-json\/wp\/v2\/comments?post=36782"}],"version-history":[{"count":1,"href":"https:\/\/www.oparanews.com.br\/index.php\/wp-json\/wp\/v2\/posts\/36782\/revisions"}],"predecessor-version":[{"id":36784,"href":"https:\/\/www.oparanews.com.br\/index.php\/wp-json\/wp\/v2\/posts\/36782\/revisions\/36784"}],"wp:featuredmedia":[{"embeddable":true,"href":"https:\/\/www.oparanews.com.br\/index.php\/wp-json\/wp\/v2\/media\/36783"}],"wp:attachment":[{"href":"https:\/\/www.oparanews.com.br\/index.php\/wp-json\/wp\/v2\/media?parent=36782"}],"wp:term":[{"taxonomy":"category","embeddable":true,"href":"https:\/\/www.oparanews.com.br\/index.php\/wp-json\/wp\/v2\/categories?post=36782"},{"taxonomy":"post_tag","embeddable":true,"href":"https:\/\/www.oparanews.com.br\/index.php\/wp-json\/wp\/v2\/tags?post=36782"}],"curies":[{"name":"wp","href":"https:\/\/api.w.org\/{rel}","templated":true}]}}