{"id":36798,"date":"2026-02-19T07:51:01","date_gmt":"2026-02-19T10:51:01","guid":{"rendered":"https:\/\/www.oparanews.com.br\/?p=36798"},"modified":"2026-02-19T07:51:01","modified_gmt":"2026-02-19T10:51:01","slug":"pm-prende-dois-e-apreende-arma-no-interior-de-alagoas","status":"publish","type":"post","link":"https:\/\/www.oparanews.com.br\/index.php\/2026\/02\/19\/pm-prende-dois-e-apreende-arma-no-interior-de-alagoas\/","title":{"rendered":"PM prende dois e apreende arma no interior de Alagoas"},"content":{"rendered":"<p>A\u00e7\u00f5es distintas da Pol\u00edcia Militar de Alagoas resultaram em duas pris\u00f5es e na apreens\u00e3o de uma arma de fogo em ocorr\u00eancias registradas em cidades do interior do estado.<\/p>\n<p>&nbsp;<\/p>\n<p>Em Santana do Ipanema, um homem foi preso por porte ilegal de arma de fogo durante abordagem realizada por equipes do 7\u00ba Batalh\u00e3o de Pol\u00edcia Militar (BPM), por volta da meia-noite desta quarta-feira (18), em um trecho da rodovia AL-130. A guarni\u00e7\u00e3o da Rondas Ostensivas com Apoio de Motocicletas (Rocam) apreendeu com o suspeito um rev\u00f3lver calibre 32 com quatro muni\u00e7\u00f5es intactas, al\u00e9m de um simulacro, cinco aparelhos celulares, uma faca, uma carteira e um ve\u00edculo Fiat Siena de cor prata.<\/p>\n<p>&nbsp;<\/p>\n<p>Segundo a pol\u00edcia, a equipe realizava rondas nas imedia\u00e7\u00f5es do Loteamento Colorado quando identificou um autom\u00f3vel cujo condutor passou a dirigir em zigue-zague ao perceber a aproxima\u00e7\u00e3o da viatura. Diante do comportamento suspeito e considerando o per\u00edodo carnavalesco, os militares realizaram a abordagem.<\/p>\n<p>&nbsp;<\/p>\n<p>O motorista atendeu \u00e0 ordem de parada. No interior do ve\u00edculo estavam cinco pessoas, sendo tr\u00eas homens e duas mulheres. Durante a revista pessoal, os policiais encontraram o rev\u00f3lver com um dos ocupantes. Questionado sobre a exist\u00eancia de outras armas, ele negou, mas, durante a busca no autom\u00f3vel, foi localizado um simulacro.<\/p>\n<p>&nbsp;<\/p>\n<p>Com o apoio de outras equipes, todos os envolvidos foram levados inicialmente ao Hospital Regional de Santana do Ipanema e, em seguida, ao Centro Integrado de Seguran\u00e7a P\u00fablica (CISP) do munic\u00edpio para os procedimentos legais.<\/p>\n<p>&nbsp;<\/p>\n<p>Em outra ocorr\u00eancia, registrada em Penedo, o 11\u00ba BPM cumpriu um mandado de pris\u00e3o no bairro Oiteiro, na Rua do Bonfim, por volta das 16h de ter\u00e7a-feira (17). Ap\u00f3s receber informa\u00e7\u00f5es do servi\u00e7o de intelig\u00eancia sobre a ordem judicial expedida, equipes do Pelot\u00e3o de Opera\u00e7\u00f5es Policiais Especiais (Pelopes 2) localizaram o suspeito e efetuaram a pris\u00e3o. O homem foi encaminhado \u00e0 Delegacia de Pol\u00edcia Civil, onde permaneceu sob cust\u00f3dia.<\/p>\n<p>&nbsp;<\/p>\n<p>&nbsp;<\/p>\n<p>&nbsp;<\/p>\n<p><strong>Fonte: Gazetaweb, com assessoria<\/strong><\/p>\n<p>&nbsp;<\/p>\n","protected":false},"excerpt":{"rendered":"<p>A\u00e7\u00f5es distintas da Pol\u00edcia Militar de Alagoas resultaram em duas pris\u00f5es e na apreens\u00e3o de uma arma de fogo em ocorr\u00eancias registradas em cidades do interior do estado. &nbsp; Em Santana do Ipanema, um homem foi preso por porte ilegal de arma de fogo durante abordagem realizada por equipes do 7\u00ba Batalh\u00e3o de Pol\u00edcia Militar &hellip;<\/p>\n","protected":false},"author":2,"featured_media":36799,"comment_status":"open","ping_status":"open","sticky":false,"template":"","format":"standard","meta":{"_jetpack_memberships_contains_paid_content":false,"footnotes":""},"categories":[4],"tags":[],"class_list":["post-36798","post","type-post","status-publish","format-standard","has-post-thumbnail","hentry","category-alagoas"],"jetpack_featured_media_url":"https:\/\/www.oparanews.com.br\/wp-content\/uploads\/2026\/02\/pm-prende-dois-e-apreende-arma-no-interior-de-alag-00881692-e0225073944e0b2d5ccd4c45a91fdb91-7.webp","jetpack_sharing_enabled":true,"_links":{"self":[{"href":"https:\/\/www.oparanews.com.br\/index.php\/wp-json\/wp\/v2\/posts\/36798","targetHints":{"allow":["GET"]}}],"collection":[{"href":"https:\/\/www.oparanews.com.br\/index.php\/wp-json\/wp\/v2\/posts"}],"about":[{"href":"https:\/\/www.oparanews.com.br\/index.php\/wp-json\/wp\/v2\/types\/post"}],"author":[{"embeddable":true,"href":"https:\/\/www.oparanews.com.br\/index.php\/wp-json\/wp\/v2\/users\/2"}],"replies":[{"embeddable":true,"href":"https:\/\/www.oparanews.com.br\/index.php\/wp-json\/wp\/v2\/comments?post=36798"}],"version-history":[{"count":1,"href":"https:\/\/www.oparanews.com.br\/index.php\/wp-json\/wp\/v2\/posts\/36798\/revisions"}],"predecessor-version":[{"id":36800,"href":"https:\/\/www.oparanews.com.br\/index.php\/wp-json\/wp\/v2\/posts\/36798\/revisions\/36800"}],"wp:featuredmedia":[{"embeddable":true,"href":"https:\/\/www.oparanews.com.br\/index.php\/wp-json\/wp\/v2\/media\/36799"}],"wp:attachment":[{"href":"https:\/\/www.oparanews.com.br\/index.php\/wp-json\/wp\/v2\/media?parent=36798"}],"wp:term":[{"taxonomy":"category","embeddable":true,"href":"https:\/\/www.oparanews.com.br\/index.php\/wp-json\/wp\/v2\/categories?post=36798"},{"taxonomy":"post_tag","embeddable":true,"href":"https:\/\/www.oparanews.com.br\/index.php\/wp-json\/wp\/v2\/tags?post=36798"}],"curies":[{"name":"wp","href":"https:\/\/api.w.org\/{rel}","templated":true}]}}