{"id":36807,"date":"2026-02-20T07:42:47","date_gmt":"2026-02-20T10:42:47","guid":{"rendered":"https:\/\/www.oparanews.com.br\/?p=36807"},"modified":"2026-02-20T07:42:47","modified_gmt":"2026-02-20T10:42:47","slug":"crianca-de-12-anos-morre-e-outro-fica-ferido-apos-desabamento-de-barreira-em-alagoas","status":"publish","type":"post","link":"https:\/\/www.oparanews.com.br\/index.php\/2026\/02\/20\/crianca-de-12-anos-morre-e-outro-fica-ferido-apos-desabamento-de-barreira-em-alagoas\/","title":{"rendered":"Crian\u00e7a de 12 anos morre e outro fica ferido ap\u00f3s desabamento de barreira em Alagoas"},"content":{"rendered":"<p>Uma crian\u00e7a de 12 anos, identificada como Arkillys Marques dos Santos, morreu soterrada ap\u00f3s o desabamento de uma barreira na Rua Camboa, no munic\u00edpio de\u00a0Roteiro, no Litoral Sul de Alagoas.<\/p>\n<p>&nbsp;<\/p>\n<p>O caso foi registrado em uma \u00e1rea mais afastada da cidade, onde v\u00e1rias crian\u00e7as brincavam no momento do acidente.<\/p>\n<p>&nbsp;<\/p>\n<p>Ao\u00a0<a href=\"https:\/\/g1.globo.com\/al\/alagoas\/\">g1<\/a>, a assessoria de Roteiro informou que outra crian\u00e7a ficou ferida e foi socorrida para a Unidade B\u00e1sica de Sa\u00fade (UBS). Ap\u00f3s atendimento, ela foi liberada e j\u00e1 est\u00e1 em casa.<\/p>\n<p>&nbsp;<\/p>\n<p>Ainda segundo informa\u00e7\u00f5es repassadas pela assessoria do munic\u00edpio, o menino que morreu era o\u00a0filho mais novo de um casal e tinha uma irm\u00e3 mais velha. A m\u00e3e, descrita como muito zelosa, teria pedido para que ele sa\u00edsse do local pouco antes do acidente, j\u00e1 que outras crian\u00e7as estavam brincando na \u00e1rea.<\/p>\n<p>&nbsp;<\/p>\n<p>As circunst\u00e2ncias do desabamento dever\u00e3o ser investigadas.<\/p>\n<p>&nbsp;<\/p>\n<p>&nbsp;<\/p>\n<p>&nbsp;<\/p>\n<p><strong>Fonte: G1\/AL<\/strong><\/p>\n<p>&nbsp;<\/p>\n","protected":false},"excerpt":{"rendered":"<p>Uma crian\u00e7a de 12 anos, identificada como Arkillys Marques dos Santos, morreu soterrada ap\u00f3s o desabamento de uma barreira na Rua Camboa, no munic\u00edpio de\u00a0Roteiro, no Litoral Sul de Alagoas. &nbsp; O caso foi registrado em uma \u00e1rea mais afastada da cidade, onde v\u00e1rias crian\u00e7as brincavam no momento do acidente. &nbsp; Ao\u00a0g1, a assessoria de &hellip;<\/p>\n","protected":false},"author":2,"featured_media":36808,"comment_status":"open","ping_status":"open","sticky":false,"template":"","format":"standard","meta":{"_jetpack_memberships_contains_paid_content":false,"footnotes":""},"categories":[4,1],"tags":[],"class_list":["post-36807","post","type-post","status-publish","format-standard","has-post-thumbnail","hentry","category-alagoas","category-destaque"],"jetpack_featured_media_url":"https:\/\/www.oparanews.com.br\/wp-content\/uploads\/2026\/02\/Sem-titulo-11.png","jetpack_sharing_enabled":true,"_links":{"self":[{"href":"https:\/\/www.oparanews.com.br\/index.php\/wp-json\/wp\/v2\/posts\/36807","targetHints":{"allow":["GET"]}}],"collection":[{"href":"https:\/\/www.oparanews.com.br\/index.php\/wp-json\/wp\/v2\/posts"}],"about":[{"href":"https:\/\/www.oparanews.com.br\/index.php\/wp-json\/wp\/v2\/types\/post"}],"author":[{"embeddable":true,"href":"https:\/\/www.oparanews.com.br\/index.php\/wp-json\/wp\/v2\/users\/2"}],"replies":[{"embeddable":true,"href":"https:\/\/www.oparanews.com.br\/index.php\/wp-json\/wp\/v2\/comments?post=36807"}],"version-history":[{"count":1,"href":"https:\/\/www.oparanews.com.br\/index.php\/wp-json\/wp\/v2\/posts\/36807\/revisions"}],"predecessor-version":[{"id":36809,"href":"https:\/\/www.oparanews.com.br\/index.php\/wp-json\/wp\/v2\/posts\/36807\/revisions\/36809"}],"wp:featuredmedia":[{"embeddable":true,"href":"https:\/\/www.oparanews.com.br\/index.php\/wp-json\/wp\/v2\/media\/36808"}],"wp:attachment":[{"href":"https:\/\/www.oparanews.com.br\/index.php\/wp-json\/wp\/v2\/media?parent=36807"}],"wp:term":[{"taxonomy":"category","embeddable":true,"href":"https:\/\/www.oparanews.com.br\/index.php\/wp-json\/wp\/v2\/categories?post=36807"},{"taxonomy":"post_tag","embeddable":true,"href":"https:\/\/www.oparanews.com.br\/index.php\/wp-json\/wp\/v2\/tags?post=36807"}],"curies":[{"name":"wp","href":"https:\/\/api.w.org\/{rel}","templated":true}]}}