{"id":36810,"date":"2026-02-20T07:53:41","date_gmt":"2026-02-20T10:53:41","guid":{"rendered":"https:\/\/www.oparanews.com.br\/?p=36810"},"modified":"2026-02-20T07:53:41","modified_gmt":"2026-02-20T10:53:41","slug":"prf-al-registra-uma-morte-e-queda-de-mais-de-70-de-acidentes-no-carnaval-em-relacao-a-2025","status":"publish","type":"post","link":"https:\/\/www.oparanews.com.br\/index.php\/2026\/02\/20\/prf-al-registra-uma-morte-e-queda-de-mais-de-70-de-acidentes-no-carnaval-em-relacao-a-2025\/","title":{"rendered":"PRF: AL registra uma morte e queda de mais de 70% de acidentes no carnaval em rela\u00e7\u00e3o a 2025"},"content":{"rendered":"<p>Alagoas registrou uma morte por atropelamento, 4 acidentes de tr\u00e2nsito e 6 feridos durante o carnaval de 2026 nas rodovias federais.<\/p>\n<p>&nbsp;<\/p>\n<p>Os n\u00fameros resultaram em queda de mais de 70% de acidentes com v\u00edtimas graves neste ano em compara\u00e7\u00e3o com o mesmo per\u00edodo de 2025, conforme a Pol\u00edcia Rodovi\u00e1ria Federal (PRF).<\/p>\n<p>&nbsp;<\/p>\n<p>Os dados foram divulgados nesta quarta-feira (18) e mostram que no ano passado, houve uma morte nas estradas, mas 14 acidentes com v\u00edtimas graves e 21 feridos.<\/p>\n<p>&nbsp;<\/p>\n<p>A corpora\u00e7\u00e3o informou que as fiscaliza\u00e7\u00f5es ocorreram entre os dias 13 e 18 de fevereiro de 2026, abordaram 2 mil pessoas em quase 1.500 ve\u00edculos, e realizou mais de 1.300 testes de etil\u00f4metro.<\/p>\n<p>&nbsp;<\/p>\n<p>Apesar de divulgados, a PRF informa que os n\u00fameros ainda s\u00e3o preliminares, devido ao prazo para a consolida\u00e7\u00e3o das informa\u00e7\u00f5es no sistema da corpora\u00e7\u00e3o.<\/p>\n<p>&nbsp;<\/p>\n<p>\u201cA Opera\u00e7\u00e3o Carnaval \u00e9 a \u00faltima etapa da Rodovida, que teve esse ano o tema \u2018Desacelere. Seu bem maior \u00e9 a vida\u2019. Desde o Natal do ano passado, passando pelo feriado de Ano Novo, datas que tamb\u00e9m fazem parte da opera\u00e7\u00e3o, institui\u00e7\u00f5es do Sistema Nacional de Tr\u00e2nsito (SNT) atuaram e refor\u00e7aram as campanhas de conscientiza\u00e7\u00e3o e fiscaliza\u00e7\u00e3o para tornar o tr\u00e2nsito mais seguro nas vias de todo o pa\u00eds\u201d, avalia a PRF.<\/p>\n<p>&nbsp;<\/p>\n<p>&nbsp;<\/p>\n<p>&nbsp;<\/p>\n<p><strong>Fonte: G1\/AL<\/strong><\/p>\n<p>&nbsp;<\/p>\n","protected":false},"excerpt":{"rendered":"<p>Alagoas registrou uma morte por atropelamento, 4 acidentes de tr\u00e2nsito e 6 feridos durante o carnaval de 2026 nas rodovias federais. &nbsp; Os n\u00fameros resultaram em queda de mais de 70% de acidentes com v\u00edtimas graves neste ano em compara\u00e7\u00e3o com o mesmo per\u00edodo de 2025, conforme a Pol\u00edcia Rodovi\u00e1ria Federal (PRF). &nbsp; Os dados &hellip;<\/p>\n","protected":false},"author":2,"featured_media":36811,"comment_status":"open","ping_status":"open","sticky":false,"template":"","format":"standard","meta":{"_jetpack_memberships_contains_paid_content":false,"footnotes":""},"categories":[4,1],"tags":[],"class_list":["post-36810","post","type-post","status-publish","format-standard","has-post-thumbnail","hentry","category-alagoas","category-destaque"],"jetpack_featured_media_url":"https:\/\/www.oparanews.com.br\/wp-content\/uploads\/2026\/02\/Sem-titulo-12.png","jetpack_sharing_enabled":true,"_links":{"self":[{"href":"https:\/\/www.oparanews.com.br\/index.php\/wp-json\/wp\/v2\/posts\/36810","targetHints":{"allow":["GET"]}}],"collection":[{"href":"https:\/\/www.oparanews.com.br\/index.php\/wp-json\/wp\/v2\/posts"}],"about":[{"href":"https:\/\/www.oparanews.com.br\/index.php\/wp-json\/wp\/v2\/types\/post"}],"author":[{"embeddable":true,"href":"https:\/\/www.oparanews.com.br\/index.php\/wp-json\/wp\/v2\/users\/2"}],"replies":[{"embeddable":true,"href":"https:\/\/www.oparanews.com.br\/index.php\/wp-json\/wp\/v2\/comments?post=36810"}],"version-history":[{"count":1,"href":"https:\/\/www.oparanews.com.br\/index.php\/wp-json\/wp\/v2\/posts\/36810\/revisions"}],"predecessor-version":[{"id":36812,"href":"https:\/\/www.oparanews.com.br\/index.php\/wp-json\/wp\/v2\/posts\/36810\/revisions\/36812"}],"wp:featuredmedia":[{"embeddable":true,"href":"https:\/\/www.oparanews.com.br\/index.php\/wp-json\/wp\/v2\/media\/36811"}],"wp:attachment":[{"href":"https:\/\/www.oparanews.com.br\/index.php\/wp-json\/wp\/v2\/media?parent=36810"}],"wp:term":[{"taxonomy":"category","embeddable":true,"href":"https:\/\/www.oparanews.com.br\/index.php\/wp-json\/wp\/v2\/categories?post=36810"},{"taxonomy":"post_tag","embeddable":true,"href":"https:\/\/www.oparanews.com.br\/index.php\/wp-json\/wp\/v2\/tags?post=36810"}],"curies":[{"name":"wp","href":"https:\/\/api.w.org\/{rel}","templated":true}]}}