{"id":36823,"date":"2026-02-23T16:26:06","date_gmt":"2026-02-23T19:26:06","guid":{"rendered":"https:\/\/www.oparanews.com.br\/?p=36823"},"modified":"2026-02-23T16:26:06","modified_gmt":"2026-02-23T19:26:06","slug":"pai-e-preso-suspeito-de-estuprar-filha-de-cinco-meses-na-barra-de-santo-antonio","status":"publish","type":"post","link":"https:\/\/www.oparanews.com.br\/index.php\/2026\/02\/23\/pai-e-preso-suspeito-de-estuprar-filha-de-cinco-meses-na-barra-de-santo-antonio\/","title":{"rendered":"Pai \u00e9 preso suspeito de estuprar filha de cinco meses na Barra de Santo Ant\u00f4nio"},"content":{"rendered":"<p>Um homem foi preso em flagrante, no domingo (22), suspeito de estuprar a filha de cinco meses no munic\u00edpio da\u00a0<a href=\"https:\/\/g1.globo.com\/al\/alagoas\/cidade\/barra-de-santo-antonio\/\"><strong>Barra de Santo Ant\u00f4nio<\/strong><\/a>, no Litoral Norte de Alagoas.\u00a0O suspeito tem 23 anos e n\u00e3o teve o nome divulgado.<\/p>\n<p>&nbsp;<\/p>\n<p>De acordo com a Pol\u00edcia Civil, o homem foi conduzido para a Central de Flagrantes, em Macei\u00f3, onde foi autuado por estupro de vulner\u00e1vel. O estado de sa\u00fade da crian\u00e7a n\u00e3o foi informado.<\/p>\n<p>&nbsp;<\/p>\n<p>A pol\u00edcia informou ainda que um inqu\u00e9rito foi instaurado e o delegado Waldo Jos\u00e9 Silva, titular do 19\u00ba Distrito Policial, que investiga o caso.<\/p>\n<p>&nbsp;<\/p>\n<p>&nbsp;<\/p>\n<p>&nbsp;<\/p>\n<p><strong>Fonte: G1\/AL<\/strong><\/p>\n<p>&nbsp;<\/p>\n","protected":false},"excerpt":{"rendered":"<p>Um homem foi preso em flagrante, no domingo (22), suspeito de estuprar a filha de cinco meses no munic\u00edpio da\u00a0Barra de Santo Ant\u00f4nio, no Litoral Norte de Alagoas.\u00a0O suspeito tem 23 anos e n\u00e3o teve o nome divulgado. &nbsp; De acordo com a Pol\u00edcia Civil, o homem foi conduzido para a Central de Flagrantes, em &hellip;<\/p>\n","protected":false},"author":2,"featured_media":36824,"comment_status":"open","ping_status":"open","sticky":false,"template":"","format":"standard","meta":{"_jetpack_memberships_contains_paid_content":false,"footnotes":""},"categories":[4,1],"tags":[],"class_list":["post-36823","post","type-post","status-publish","format-standard","has-post-thumbnail","hentry","category-alagoas","category-destaque"],"jetpack_featured_media_url":"https:\/\/www.oparanews.com.br\/wp-content\/uploads\/2026\/02\/whatsapp-image-2023-12-26-at-08.39.48.avif","jetpack_sharing_enabled":true,"_links":{"self":[{"href":"https:\/\/www.oparanews.com.br\/index.php\/wp-json\/wp\/v2\/posts\/36823","targetHints":{"allow":["GET"]}}],"collection":[{"href":"https:\/\/www.oparanews.com.br\/index.php\/wp-json\/wp\/v2\/posts"}],"about":[{"href":"https:\/\/www.oparanews.com.br\/index.php\/wp-json\/wp\/v2\/types\/post"}],"author":[{"embeddable":true,"href":"https:\/\/www.oparanews.com.br\/index.php\/wp-json\/wp\/v2\/users\/2"}],"replies":[{"embeddable":true,"href":"https:\/\/www.oparanews.com.br\/index.php\/wp-json\/wp\/v2\/comments?post=36823"}],"version-history":[{"count":1,"href":"https:\/\/www.oparanews.com.br\/index.php\/wp-json\/wp\/v2\/posts\/36823\/revisions"}],"predecessor-version":[{"id":36825,"href":"https:\/\/www.oparanews.com.br\/index.php\/wp-json\/wp\/v2\/posts\/36823\/revisions\/36825"}],"wp:featuredmedia":[{"embeddable":true,"href":"https:\/\/www.oparanews.com.br\/index.php\/wp-json\/wp\/v2\/media\/36824"}],"wp:attachment":[{"href":"https:\/\/www.oparanews.com.br\/index.php\/wp-json\/wp\/v2\/media?parent=36823"}],"wp:term":[{"taxonomy":"category","embeddable":true,"href":"https:\/\/www.oparanews.com.br\/index.php\/wp-json\/wp\/v2\/categories?post=36823"},{"taxonomy":"post_tag","embeddable":true,"href":"https:\/\/www.oparanews.com.br\/index.php\/wp-json\/wp\/v2\/tags?post=36823"}],"curies":[{"name":"wp","href":"https:\/\/api.w.org\/{rel}","templated":true}]}}