{"id":36834,"date":"2026-02-24T14:20:12","date_gmt":"2026-02-24T17:20:12","guid":{"rendered":"https:\/\/www.oparanews.com.br\/?p=36834"},"modified":"2026-02-24T14:20:12","modified_gmt":"2026-02-24T17:20:12","slug":"policia-penal-frustra-fuga-de-20-detentos-no-presidio-do-agreste","status":"publish","type":"post","link":"https:\/\/www.oparanews.com.br\/index.php\/2026\/02\/24\/policia-penal-frustra-fuga-de-20-detentos-no-presidio-do-agreste\/","title":{"rendered":"Pol\u00edcia Penal frustra fuga de 20 detentos no Pres\u00eddio do Agreste"},"content":{"rendered":"<p>Policiais penais impediram, na semana passada, a fuga de 20 custodiados do Pres\u00eddio do Agreste. A tentativa foi identificada durante procedimentos de rotina realizados pela equipe de plant\u00e3o.<\/p>\n<p>&nbsp;<\/p>\n<p>De acordo com a assessoria de comunica\u00e7\u00e3o da Secretaria de Estado da Ressocializa\u00e7\u00e3o e Inclus\u00e3o Social (Seris), a atua\u00e7\u00e3o r\u00e1pida e estrat\u00e9gica da Pol\u00edcia Penal foi decisiva para evitar a evas\u00e3o em massa.<\/p>\n<p>&nbsp;<\/p>\n<p>Segundo as informa\u00e7\u00f5es repassadas, os policiais perceberam movimenta\u00e7\u00f5es suspeitas no interior da unidade prisional durante a fiscaliza\u00e7\u00e3o di\u00e1ria. A partir disso, foram adotadas medidas imediatas para conter a a\u00e7\u00e3o e refor\u00e7ar a seguran\u00e7a no local.<\/p>\n<p>&nbsp;<\/p>\n<p>A situa\u00e7\u00e3o foi controlada sem registro de fuga. A administra\u00e7\u00e3o do pres\u00eddio deve instaurar procedimento interno para apurar as circunst\u00e2ncias da tentativa e identificar eventuais responsabilidades.<\/p>\n<p>&nbsp;<\/p>\n<p>A Pol\u00edcia Penal refor\u00e7ou que mant\u00e9m vigil\u00e2ncia constante nas unidades prisionais do Estado, com o objetivo de preservar a ordem e garantir a seguran\u00e7a da popula\u00e7\u00e3o.<\/p>\n<p>&nbsp;<\/p>\n<p>&nbsp;<\/p>\n<p>&nbsp;<\/p>\n<p><strong>Fonte: Gazetaweb<\/strong><\/p>\n<p>&nbsp;<\/p>\n","protected":false},"excerpt":{"rendered":"<p>Policiais penais impediram, na semana passada, a fuga de 20 custodiados do Pres\u00eddio do Agreste. A tentativa foi identificada durante procedimentos de rotina realizados pela equipe de plant\u00e3o. &nbsp; De acordo com a assessoria de comunica\u00e7\u00e3o da Secretaria de Estado da Ressocializa\u00e7\u00e3o e Inclus\u00e3o Social (Seris), a atua\u00e7\u00e3o r\u00e1pida e estrat\u00e9gica da Pol\u00edcia Penal foi &hellip;<\/p>\n","protected":false},"author":2,"featured_media":36835,"comment_status":"open","ping_status":"open","sticky":false,"template":"","format":"standard","meta":{"_jetpack_memberships_contains_paid_content":false,"footnotes":""},"categories":[4,1],"tags":[],"class_list":["post-36834","post","type-post","status-publish","format-standard","has-post-thumbnail","hentry","category-alagoas","category-destaque"],"jetpack_featured_media_url":"https:\/\/www.oparanews.com.br\/wp-content\/uploads\/2026\/02\/Sem-titulo-13.png","jetpack_sharing_enabled":true,"_links":{"self":[{"href":"https:\/\/www.oparanews.com.br\/index.php\/wp-json\/wp\/v2\/posts\/36834","targetHints":{"allow":["GET"]}}],"collection":[{"href":"https:\/\/www.oparanews.com.br\/index.php\/wp-json\/wp\/v2\/posts"}],"about":[{"href":"https:\/\/www.oparanews.com.br\/index.php\/wp-json\/wp\/v2\/types\/post"}],"author":[{"embeddable":true,"href":"https:\/\/www.oparanews.com.br\/index.php\/wp-json\/wp\/v2\/users\/2"}],"replies":[{"embeddable":true,"href":"https:\/\/www.oparanews.com.br\/index.php\/wp-json\/wp\/v2\/comments?post=36834"}],"version-history":[{"count":1,"href":"https:\/\/www.oparanews.com.br\/index.php\/wp-json\/wp\/v2\/posts\/36834\/revisions"}],"predecessor-version":[{"id":36836,"href":"https:\/\/www.oparanews.com.br\/index.php\/wp-json\/wp\/v2\/posts\/36834\/revisions\/36836"}],"wp:featuredmedia":[{"embeddable":true,"href":"https:\/\/www.oparanews.com.br\/index.php\/wp-json\/wp\/v2\/media\/36835"}],"wp:attachment":[{"href":"https:\/\/www.oparanews.com.br\/index.php\/wp-json\/wp\/v2\/media?parent=36834"}],"wp:term":[{"taxonomy":"category","embeddable":true,"href":"https:\/\/www.oparanews.com.br\/index.php\/wp-json\/wp\/v2\/categories?post=36834"},{"taxonomy":"post_tag","embeddable":true,"href":"https:\/\/www.oparanews.com.br\/index.php\/wp-json\/wp\/v2\/tags?post=36834"}],"curies":[{"name":"wp","href":"https:\/\/api.w.org\/{rel}","templated":true}]}}