{"id":36837,"date":"2026-02-24T14:23:28","date_gmt":"2026-02-24T17:23:28","guid":{"rendered":"https:\/\/www.oparanews.com.br\/?p=36837"},"modified":"2026-02-24T14:23:28","modified_gmt":"2026-02-24T17:23:28","slug":"educacao-de-jovens-e-adultos-da-prefeitura-de-penedo-cresce-mais-de-600-e-gera-impacto-positivo-na-economia","status":"publish","type":"post","link":"https:\/\/www.oparanews.com.br\/index.php\/2026\/02\/24\/educacao-de-jovens-e-adultos-da-prefeitura-de-penedo-cresce-mais-de-600-e-gera-impacto-positivo-na-economia\/","title":{"rendered":"Educa\u00e7\u00e3o de Jovens e Adultos da Prefeitura de Penedo cresce mais de 600% e gera impacto positivo na economia"},"content":{"rendered":"<p style=\"background: white; margin: 0cm 0cm 19.5pt 0cm;\"><span style=\"font-size: 11.5pt; font-family: 'Verdana',sans-serif; color: #222222;\">Quando o prefeito Ronaldo Lopes assumiu seu primeiro mandato, em janeiro de 2021, apenas 271 jovens e adultos estavam matriculados nas turmas da EJA em escolas da Prefeitura de Penedo.<\/span><\/p>\n<p>&nbsp;<\/p>\n<p style=\"background: white; box-sizing: border-box; overflow-wrap: break-word; font-variant-ligatures: normal; font-variant-caps: normal; orphans: 2; text-align: start; widows: 2; -webkit-text-stroke-width: 0px; text-decoration-thickness: initial; text-decoration-style: initial; text-decoration-color: initial; word-spacing: 0px; margin: 0cm 0cm 19.5pt 0cm;\"><span style=\"font-size: 11.5pt; font-family: 'Verdana',sans-serif; color: #222222;\">Administrando o munic\u00edpio com pol\u00edticas p\u00fablicas eficazes, a transforma\u00e7\u00e3o social avan\u00e7a em todos os setores, inclusive na erradica\u00e7\u00e3o do analfabetismo na parcela da popula\u00e7\u00e3o que n\u00e3o concluiu o ensino fundamental.<\/span><\/p>\n<p>&nbsp;<\/p>\n<p style=\"background: white; box-sizing: border-box; overflow-wrap: break-word; font-variant-ligatures: normal; font-variant-caps: normal; orphans: 2; text-align: start; widows: 2; -webkit-text-stroke-width: 0px; text-decoration-thickness: initial; text-decoration-style: initial; text-decoration-color: initial; word-spacing: 0px; margin: 0cm 0cm 19.5pt 0cm;\"><span style=\"font-size: 11.5pt; font-family: 'Verdana',sans-serif; color: #222222;\">O fortalecimento da Educa\u00e7\u00e3o de Jovens e Adultos (EJA) \u00e9 incontest\u00e1vel, ampliando o\u00a0<strong style=\"box-sizing: border-box;\"><span style=\"font-family: 'Verdana',sans-serif;\">acesso em 612% entre o in\u00edcio de 2021<\/span><\/strong>\u00a0at\u00e9 os primeiros meses do ano em curso.<\/span><\/p>\n<p>&nbsp;<\/p>\n<p style=\"background: white; box-sizing: border-box; overflow-wrap: break-word; font-variant-ligatures: normal; font-variant-caps: normal; orphans: 2; text-align: start; widows: 2; -webkit-text-stroke-width: 0px; text-decoration-thickness: initial; text-decoration-style: initial; text-decoration-color: initial; word-spacing: 0px; margin: 0cm 0cm 19.5pt 0cm;\"><span style=\"font-size: 11.5pt; font-family: 'Verdana',sans-serif; color: #222222;\">A efic\u00e1cia das pol\u00edticas p\u00fablicas na Secretaria Municipal de Educa\u00e7\u00e3o \u00e9 comprovada pelo n\u00famero expressivo de matr\u00edculas na EJA da SEMED, uma evolu\u00e7\u00e3o impressionante, saltando de apenas 270 alunos e alunas em 2021 para 1.922 matr\u00edculas em 2026.<\/span><\/p>\n<p><img loading=\"lazy\" decoding=\"async\" class=\"aligncenter size-full wp-image-36839\" src=\"http:\/\/www.oparanews.com.br\/wp-content\/uploads\/2026\/02\/dados-eja-scaled-1.avif\" alt=\"\" width=\"2560\" height=\"1396\" srcset=\"https:\/\/www.oparanews.com.br\/wp-content\/uploads\/2026\/02\/dados-eja-scaled-1.avif 2560w, https:\/\/www.oparanews.com.br\/wp-content\/uploads\/2026\/02\/dados-eja-scaled-1-300x164.avif 300w, https:\/\/www.oparanews.com.br\/wp-content\/uploads\/2026\/02\/dados-eja-scaled-1-1024x558.avif 1024w, https:\/\/www.oparanews.com.br\/wp-content\/uploads\/2026\/02\/dados-eja-scaled-1-768x419.avif 768w, https:\/\/www.oparanews.com.br\/wp-content\/uploads\/2026\/02\/dados-eja-scaled-1-1536x838.avif 1536w, https:\/\/www.oparanews.com.br\/wp-content\/uploads\/2026\/02\/dados-eja-scaled-1-2048x1117.avif 2048w\" sizes=\"auto, (max-width: 2560px) 100vw, 2560px\" \/><\/p>\n<p>&nbsp;<\/p>\n<p style=\"background: white; margin: 0cm 0cm 19.5pt 0cm;\"><span style=\"font-size: 11.5pt; font-family: 'Verdana',sans-serif; color: #222222;\">Esse\u00a0<strong style=\"box-sizing: border-box;\"><span style=\"font-family: 'Verdana',sans-serif;\">crescimento de mais de 600%<\/span><\/strong>\u00a0demonstra a confian\u00e7a da popula\u00e7\u00e3o no sistema de ensino municipal e o sucesso das campanhas de busca ativa e incentivo financeiro promovidas pela Prefeitura de Penedo.<\/span><\/p>\n<p>&nbsp;<\/p>\n<p style=\"background: white; box-sizing: border-box; overflow-wrap: break-word; font-variant-ligatures: normal; font-variant-caps: normal; orphans: 2; text-align: start; widows: 2; -webkit-text-stroke-width: 0px; text-decoration-thickness: initial; text-decoration-style: initial; text-decoration-color: initial; word-spacing: 0px; margin: 0cm 0cm 19.5pt 0cm;\"><span style=\"font-size: 11.5pt; font-family: 'Verdana',sans-serif; color: #222222;\">O investimento cont\u00ednuo na rede municipal de ensino reflete o compromisso da administra\u00e7\u00e3o Inova\u00e7\u00e3o e Crescimento em resgatar cidad\u00e3os que, por diversos motivos, n\u00e3o conclu\u00edram os estudos, oferecendo uma estrutura digna e motivadora.<\/span><\/p>\n<p>&nbsp;<\/p>\n<p style=\"background: white; box-sizing: border-box; overflow-wrap: break-word; font-variant-ligatures: normal; font-variant-caps: normal; orphans: 2; text-align: start; widows: 2; -webkit-text-stroke-width: 0px; text-decoration-thickness: initial; text-decoration-style: initial; text-decoration-color: initial; word-spacing: 0px; margin: 0cm 0cm 19.5pt 0cm;\"><span style=\"font-size: 11.5pt; font-family: 'Verdana',sans-serif; color: #222222;\">Um dos grandes diferenciais dessa gest\u00e3o \u00e9 o\u00a0<a style=\"box-sizing: border-box;\" href=\"https:\/\/penedo.al.gov.br\/2023\/12\/05\/ronaldo-lopes-anuncia-aumento-do-bolsa-auxilio-permanencia-e-convocacao-de-concursados-da-educacao\/\"><span style=\"color: #4db2ec; text-decoration: none; text-underline: none;\">Bolsa Aux\u00edlio Perman\u00eancia<\/span><\/a>, o Cart\u00e3o EJA. A iniciativa inovadora combate diretamente a evas\u00e3o escolar, garantindo que o aluno tenha condi\u00e7\u00f5es financeiras de se manter nas salas de aula.<\/span><\/p>\n<p>&nbsp;<\/p>\n<p style=\"background: white; box-sizing: border-box; overflow-wrap: break-word; font-variant-ligatures: normal; font-variant-caps: normal; orphans: 2; text-align: start; widows: 2; -webkit-text-stroke-width: 0px; text-decoration-thickness: initial; text-decoration-style: initial; text-decoration-color: initial; word-spacing: 0px; margin: 0cm 0cm 19.5pt 0cm;\"><span style=\"font-size: 11.5pt; font-family: 'Verdana',sans-serif; color: #222222;\">Mais do que o suporte educacional, o programa tornou-se um importante vetor econ\u00f4mico para o munic\u00edpio, com a\u00a0<strong style=\"box-sizing: border-box;\"><span style=\"font-family: 'Verdana',sans-serif;\">inje\u00e7\u00e3o mensal de R$ 300 mil diretamente no com\u00e9rcio\u00a0local<\/span><\/strong>. Esse recurso circula nas feiras, farm\u00e1cias e mercadinhos credenciados para compras de alimentos e itens de higiene pessoal, beneficiando tanto as fam\u00edlias dos estudantes quanto os empreendedores penedenses.<\/span><\/p>\n<p>&nbsp;<\/p>\n<p style=\"background: white; box-sizing: border-box; overflow-wrap: break-word; font-variant-ligatures: normal; font-variant-caps: normal; orphans: 2; text-align: start; widows: 2; -webkit-text-stroke-width: 0px; text-decoration-thickness: initial; text-decoration-style: initial; text-decoration-color: initial; word-spacing: 0px; margin: 0cm 0cm 19.5pt 0cm;\"><span style=\"font-size: 11.5pt; font-family: 'Verdana',sans-serif; color: #222222;\">O impacto dessa estrat\u00e9gia vai al\u00e9m das estat\u00edsticas e reflete na qualifica\u00e7\u00e3o da m\u00e3o de obra penedense. Ao atingir a marca de quase duas mil matr\u00edculas em 2026, a prefeitura de Penedo n\u00e3o apenas alfabetiza, mas prepara seus cidad\u00e3os para novas oportunidades no mercado de trabalho.<\/span><\/p>\n<p><img loading=\"lazy\" decoding=\"async\" class=\"aligncenter size-full wp-image-36838\" src=\"http:\/\/www.oparanews.com.br\/wp-content\/uploads\/2026\/02\/entrega-kit-eja-penedo-foto-deywesson-duarte-22.avif\" alt=\"\" width=\"1600\" height=\"1066\" srcset=\"https:\/\/www.oparanews.com.br\/wp-content\/uploads\/2026\/02\/entrega-kit-eja-penedo-foto-deywesson-duarte-22.avif 1600w, https:\/\/www.oparanews.com.br\/wp-content\/uploads\/2026\/02\/entrega-kit-eja-penedo-foto-deywesson-duarte-22-300x200.avif 300w, https:\/\/www.oparanews.com.br\/wp-content\/uploads\/2026\/02\/entrega-kit-eja-penedo-foto-deywesson-duarte-22-1024x682.avif 1024w, https:\/\/www.oparanews.com.br\/wp-content\/uploads\/2026\/02\/entrega-kit-eja-penedo-foto-deywesson-duarte-22-768x512.avif 768w, https:\/\/www.oparanews.com.br\/wp-content\/uploads\/2026\/02\/entrega-kit-eja-penedo-foto-deywesson-duarte-22-1536x1023.avif 1536w\" sizes=\"auto, (max-width: 1600px) 100vw, 1600px\" \/><\/p>\n<p>&nbsp;<\/p>\n<p style=\"background: white; margin: 0cm 0cm 19.5pt 0cm;\"><span style=\"font-size: 11.5pt; font-family: 'Verdana',sans-serif; color: #222222;\">O ambiente escolar da EJA tem sido modernizado para acolher esse p\u00fablico diversificado, integrando tecnologia e m\u00e9todos pedag\u00f3gicos que respeitam a hist\u00f3riade vida de cada aluno, tornando o aprendizado algo pr\u00e1tico e transformador.<\/span><\/p>\n<p>&nbsp;<\/p>\n<p style=\"background: white; box-sizing: border-box; overflow-wrap: break-word; font-variant-ligatures: normal; font-variant-caps: normal; orphans: 2; text-align: start; widows: 2; -webkit-text-stroke-width: 0px; text-decoration-thickness: initial; text-decoration-style: initial; text-decoration-color: initial; word-spacing: 0px; margin: 0cm 0cm 19.5pt 0cm;\"><span style=\"font-size: 11.5pt; font-family: 'Verdana',sans-serif; color: #222222;\">Por fim, o modelo adotado pelo prefeito Ronaldo Lopes coloca Penedo como uma refer\u00eancia em pol\u00edticas de inclus\u00e3o no estado de Alagoas. Ao unir educa\u00e7\u00e3o de qualidade com transfer\u00eancia de renda estrat\u00e9gica, a gest\u00e3o municipal cria um ciclo virtuoso de crescimento.<\/span><\/p>\n<p>&nbsp;<\/p>\n<p style=\"background: white; box-sizing: border-box; overflow-wrap: break-word; font-variant-ligatures: normal; font-variant-caps: normal; orphans: 2; text-align: start; widows: 2; -webkit-text-stroke-width: 0px; text-decoration-thickness: initial; text-decoration-style: initial; text-decoration-color: initial; word-spacing: 0px; margin: 0cm 0cm 19.5pt 0cm;\"><span style=\"font-size: 11.5pt; font-family: 'Verdana',sans-serif; color: #222222;\">O sucesso da EJA em Penedo prova que, com investimento correto e sensibilidade social, \u00e9 poss\u00edvel reduzir as desigualdades e construir uma cidade com mais oportunidades e dignidade para todos os seus habitantes<\/span><\/p>\n<p style=\"background: white; box-sizing: border-box; overflow-wrap: break-word; font-variant-ligatures: normal; font-variant-caps: normal; orphans: 2; text-align: start; widows: 2; -webkit-text-stroke-width: 0px; text-decoration-thickness: initial; text-decoration-style: initial; text-decoration-color: initial; word-spacing: 0px; margin: 0cm 0cm 19.5pt 0cm;\"><strong style=\"box-sizing: border-box;\"><i><span style=\"font-size: 11.5pt; font-family: 'Verdana',sans-serif; color: #222222;\">\u00a0<\/span><\/i><\/strong><\/p>\n<p>&nbsp;<\/p>\n<p style=\"background: white; margin: 0cm 0cm 19.5pt 0cm;\"><strong><i><span style=\"font-size: 11.5pt; font-family: 'Verdana',sans-serif; color: #222222;\">\u00a0<\/span><\/i><\/strong><\/p>\n<p style=\"background: white; margin: 0cm 0cm 19.5pt 0cm;\"><strong><i><span style=\"font-size: 11.5pt; font-family: 'Verdana',sans-serif; color: #222222;\">Fonte: SECOM\/PMP<\/span><\/i><\/strong><\/p>\n","protected":false},"excerpt":{"rendered":"<p>Quando o prefeito Ronaldo Lopes assumiu seu primeiro mandato, em janeiro de 2021, apenas 271 jovens e adultos estavam matriculados nas turmas da EJA em escolas da Prefeitura de Penedo. &nbsp; Administrando o munic\u00edpio com pol\u00edticas p\u00fablicas eficazes, a transforma\u00e7\u00e3o social avan\u00e7a em todos os setores, inclusive na erradica\u00e7\u00e3o do analfabetismo na parcela da popula\u00e7\u00e3o &hellip;<\/p>\n","protected":false},"author":2,"featured_media":36840,"comment_status":"open","ping_status":"open","sticky":false,"template":"","format":"standard","meta":{"_jetpack_memberships_contains_paid_content":false,"footnotes":""},"categories":[1,3],"tags":[],"class_list":["post-36837","post","type-post","status-publish","format-standard","has-post-thumbnail","hentry","category-destaque","category-penedo"],"jetpack_featured_media_url":"https:\/\/www.oparanews.com.br\/wp-content\/uploads\/2026\/02\/ronaldo-lopes-e-alunos-da-eja-penedo.avif","jetpack_sharing_enabled":true,"_links":{"self":[{"href":"https:\/\/www.oparanews.com.br\/index.php\/wp-json\/wp\/v2\/posts\/36837","targetHints":{"allow":["GET"]}}],"collection":[{"href":"https:\/\/www.oparanews.com.br\/index.php\/wp-json\/wp\/v2\/posts"}],"about":[{"href":"https:\/\/www.oparanews.com.br\/index.php\/wp-json\/wp\/v2\/types\/post"}],"author":[{"embeddable":true,"href":"https:\/\/www.oparanews.com.br\/index.php\/wp-json\/wp\/v2\/users\/2"}],"replies":[{"embeddable":true,"href":"https:\/\/www.oparanews.com.br\/index.php\/wp-json\/wp\/v2\/comments?post=36837"}],"version-history":[{"count":1,"href":"https:\/\/www.oparanews.com.br\/index.php\/wp-json\/wp\/v2\/posts\/36837\/revisions"}],"predecessor-version":[{"id":36841,"href":"https:\/\/www.oparanews.com.br\/index.php\/wp-json\/wp\/v2\/posts\/36837\/revisions\/36841"}],"wp:featuredmedia":[{"embeddable":true,"href":"https:\/\/www.oparanews.com.br\/index.php\/wp-json\/wp\/v2\/media\/36840"}],"wp:attachment":[{"href":"https:\/\/www.oparanews.com.br\/index.php\/wp-json\/wp\/v2\/media?parent=36837"}],"wp:term":[{"taxonomy":"category","embeddable":true,"href":"https:\/\/www.oparanews.com.br\/index.php\/wp-json\/wp\/v2\/categories?post=36837"},{"taxonomy":"post_tag","embeddable":true,"href":"https:\/\/www.oparanews.com.br\/index.php\/wp-json\/wp\/v2\/tags?post=36837"}],"curies":[{"name":"wp","href":"https:\/\/api.w.org\/{rel}","templated":true}]}}