{"id":36852,"date":"2026-02-25T14:47:36","date_gmt":"2026-02-25T17:47:36","guid":{"rendered":"https:\/\/www.oparanews.com.br\/?p=36852"},"modified":"2026-02-25T14:47:36","modified_gmt":"2026-02-25T17:47:36","slug":"programa-assistencia-com-voce-atende-familias-das-vilas-primavera-santa-clara-e-sao-francisco","status":"publish","type":"post","link":"https:\/\/www.oparanews.com.br\/index.php\/2026\/02\/25\/programa-assistencia-com-voce-atende-familias-das-vilas-primavera-santa-clara-e-sao-francisco\/","title":{"rendered":"Programa Assist\u00eancia Com Voc\u00ea atende fam\u00edlias das Vilas Primavera, Santa Clara e S\u00e3o Francisco"},"content":{"rendered":"<p style=\"background: white; margin: 0cm 0cm 19.5pt 0cm;\"><span style=\"font-size: 11.5pt; font-family: 'Verdana',sans-serif; color: #222222;\">A Prefeitura de Penedo, por meio da Secretaria Municipal de Assist\u00eancia Social e Direitos Humanos (SEMASDH), realizou mais uma edi\u00e7\u00e3o do Programa Assist\u00eancia Com Voc\u00ea, desta vez atendendo fam\u00edlias das Vilas Primavera, Santa Clara e S\u00e3o Francisco.\u00a0<\/span><\/p>\n<p>&nbsp;<\/p>\n<p style=\"background: white; box-sizing: border-box; overflow-wrap: break-word; font-variant-ligatures: normal; font-variant-caps: normal; orphans: 2; text-align: start; widows: 2; -webkit-text-stroke-width: 0px; text-decoration-thickness: initial; text-decoration-style: initial; text-decoration-color: initial; word-spacing: 0px; margin: 0cm 0cm 19.5pt 0cm;\"><span style=\"box-sizing: border-box;\"><span style=\"font-size: 11.5pt; font-family: 'Verdana',sans-serif; color: #222222;\">O evento realizado na tarde desta ter\u00e7a-feira, 24, levou servi\u00e7os de diversas pastas da administra\u00e7\u00e3o municipal e concession\u00e1rias de servi\u00e7os p\u00fablicos at\u00e9 a Vila Primavera, nas imedia\u00e7\u00f5es da Escola Dom Constantino.<\/span><\/span><\/p>\n<p>&nbsp;<\/p>\n<p style=\"background: white; box-sizing: border-box; overflow-wrap: break-word; font-variant-ligatures: normal; font-variant-caps: normal; orphans: 2; text-align: start; widows: 2; -webkit-text-stroke-width: 0px; text-decoration-thickness: initial; text-decoration-style: initial; text-decoration-color: initial; word-spacing: 0px; margin: 0cm 0cm 19.5pt 0cm;\"><span style=\"box-sizing: border-box;\"><span style=\"font-size: 11.5pt; font-family: 'Verdana',sans-serif; color: #222222;\">As equipes t\u00e9cnicas ofereceram suporte aos moradores das vilas para a atualiza\u00e7\u00e3o e inclus\u00e3o no Cadastro \u00danico (Cad\u00danico), facilitando o acesso e solucionando pend\u00eancias relacionadas a benef\u00edcios sociais como o Bolsa Fam\u00edlia.\u00a0<\/span><\/span><\/p>\n<p>&nbsp;<\/p>\n<p style=\"background: white; margin: 0cm 0cm 19.5pt 0cm;\"><span style=\"font-size: 11.5pt; font-family: 'Verdana',sans-serif; color: #222222;\">A descentraliza\u00e7\u00e3o de atendimentos dispon\u00edveis diariamente na sede da SEMASDH e nos CRAS tamb\u00e9m se estende ao Benef\u00edcio de Presta\u00e7\u00e3o Continuada (BPC), Programa Crian\u00e7a Feliz, Cart\u00e3o do Idoso, ID Jovem, Dignidade Menstrual e emiss\u00e3o de segunda via da certid\u00e3o de nascimento, dentre outras orienta\u00e7\u00f5es.<\/span><\/p>\n<p>&nbsp;<\/p>\n<p style=\"background: white; box-sizing: border-box; overflow-wrap: break-word; font-variant-ligatures: normal; font-variant-caps: normal; orphans: 2; text-align: start; widows: 2; -webkit-text-stroke-width: 0px; text-decoration-thickness: initial; text-decoration-style: initial; text-decoration-color: initial; word-spacing: 0px; margin: 0cm 0cm 19.5pt 0cm;\"><span style=\"box-sizing: border-box;\"><span style=\"font-size: 11.5pt; font-family: 'Verdana',sans-serif; color: #222222;\">A estrutura montada na Vila Primavera contou ainda com atendimento de equipe no Expresso Sa\u00fade e promoveu bem-estar e autoestima com corte de cabelo gratuito e atividades recreativas, criando um ambiente acolhedor para crian\u00e7as e adultos que compareceram ao mutir\u00e3o de cidadania encerrado com sorteio de brindes.<\/span><\/span><\/p>\n<p>&nbsp;<\/p>\n<p>&nbsp;<\/p>\n<p>&nbsp;<\/p>\n<p style=\"background: white; box-sizing: border-box; overflow-wrap: break-word; font-variant-ligatures: normal; font-variant-caps: normal; orphans: 2; text-align: start; widows: 2; -webkit-text-stroke-width: 0px; text-decoration-thickness: initial; text-decoration-style: initial; text-decoration-color: initial; word-spacing: 0px; margin: 0cm 0cm 19.5pt 0cm;\"><strong style=\"box-sizing: border-box;\"><span style=\"font-size: 11.5pt; font-family: 'Verdana',sans-serif; color: #222222;\">Por Secom PMP<\/span><\/strong><\/p>\n","protected":false},"excerpt":{"rendered":"<p>A Prefeitura de Penedo, por meio da Secretaria Municipal de Assist\u00eancia Social e Direitos Humanos (SEMASDH), realizou mais uma edi\u00e7\u00e3o do Programa Assist\u00eancia Com Voc\u00ea, desta vez atendendo fam\u00edlias das Vilas Primavera, Santa Clara e S\u00e3o Francisco.\u00a0 &nbsp; O evento realizado na tarde desta ter\u00e7a-feira, 24, levou servi\u00e7os de diversas pastas da administra\u00e7\u00e3o municipal e &hellip;<\/p>\n","protected":false},"author":2,"featured_media":36853,"comment_status":"open","ping_status":"open","sticky":false,"template":"","format":"standard","meta":{"_jetpack_memberships_contains_paid_content":false,"footnotes":""},"categories":[1,3],"tags":[],"class_list":["post-36852","post","type-post","status-publish","format-standard","has-post-thumbnail","hentry","category-destaque","category-penedo"],"jetpack_featured_media_url":"https:\/\/www.oparanews.com.br\/wp-content\/uploads\/2026\/02\/Sem-titulo-14.png","jetpack_sharing_enabled":true,"_links":{"self":[{"href":"https:\/\/www.oparanews.com.br\/index.php\/wp-json\/wp\/v2\/posts\/36852","targetHints":{"allow":["GET"]}}],"collection":[{"href":"https:\/\/www.oparanews.com.br\/index.php\/wp-json\/wp\/v2\/posts"}],"about":[{"href":"https:\/\/www.oparanews.com.br\/index.php\/wp-json\/wp\/v2\/types\/post"}],"author":[{"embeddable":true,"href":"https:\/\/www.oparanews.com.br\/index.php\/wp-json\/wp\/v2\/users\/2"}],"replies":[{"embeddable":true,"href":"https:\/\/www.oparanews.com.br\/index.php\/wp-json\/wp\/v2\/comments?post=36852"}],"version-history":[{"count":1,"href":"https:\/\/www.oparanews.com.br\/index.php\/wp-json\/wp\/v2\/posts\/36852\/revisions"}],"predecessor-version":[{"id":36854,"href":"https:\/\/www.oparanews.com.br\/index.php\/wp-json\/wp\/v2\/posts\/36852\/revisions\/36854"}],"wp:featuredmedia":[{"embeddable":true,"href":"https:\/\/www.oparanews.com.br\/index.php\/wp-json\/wp\/v2\/media\/36853"}],"wp:attachment":[{"href":"https:\/\/www.oparanews.com.br\/index.php\/wp-json\/wp\/v2\/media?parent=36852"}],"wp:term":[{"taxonomy":"category","embeddable":true,"href":"https:\/\/www.oparanews.com.br\/index.php\/wp-json\/wp\/v2\/categories?post=36852"},{"taxonomy":"post_tag","embeddable":true,"href":"https:\/\/www.oparanews.com.br\/index.php\/wp-json\/wp\/v2\/tags?post=36852"}],"curies":[{"name":"wp","href":"https:\/\/api.w.org\/{rel}","templated":true}]}}