{"id":36898,"date":"2026-03-04T16:51:16","date_gmt":"2026-03-04T19:51:16","guid":{"rendered":"https:\/\/www.oparanews.com.br\/?p=36898"},"modified":"2026-03-04T16:51:16","modified_gmt":"2026-03-04T19:51:16","slug":"prefeitura-de-penedo-realiza-mutirao-de-combate-a-dengue-no-bairro-senhor-do-bonfim","status":"publish","type":"post","link":"https:\/\/www.oparanews.com.br\/index.php\/2026\/03\/04\/prefeitura-de-penedo-realiza-mutirao-de-combate-a-dengue-no-bairro-senhor-do-bonfim\/","title":{"rendered":"Prefeitura de Penedo realiza mutir\u00e3o de combate \u00e0 dengue no bairro Senhor do Bonfim"},"content":{"rendered":"<p style=\"background: white; margin: 0cm 0cm 19.5pt 0cm;\"><span style=\"font-size: 11.5pt; font-family: 'Verdana',sans-serif; color: #222222;\">Nesta quarta-feira, 04, a Prefeitura de Penedo, por meio da Secretaria Municipal de Sa\u00fade (SMS), realizou um mutir\u00e3o de combate \u00e0 dengue no Bairro Senhor do Bonfim, popular Oiteiro.<\/span><\/p>\n<p>&nbsp;<\/p>\n<p style=\"background: white; box-sizing: border-box; overflow-wrap: break-word; font-variant-ligatures: normal; font-variant-caps: normal; orphans: 2; text-align: start; widows: 2; -webkit-text-stroke-width: 0px; text-decoration-thickness: initial; text-decoration-style: initial; text-decoration-color: initial; word-spacing: 0px; margin: 0cm 0cm 19.5pt 0cm;\"><span style=\"font-size: 11.5pt; font-family: 'Verdana',sans-serif; color: #222222;\">A a\u00e7\u00e3o marca o come\u00e7o de uma s\u00e9rie de mobiliza\u00e7\u00f5es quinzenais que ser\u00e3o realizadas em localidades do munic\u00edpio, especialmente onde j\u00e1 foram identificados focos do mosquito transmissor da dengue.<\/span><\/p>\n<p>&nbsp;<\/p>\n<p style=\"background: white; box-sizing: border-box; overflow-wrap: break-word; font-variant-ligatures: normal; font-variant-caps: normal; orphans: 2; text-align: start; widows: 2; -webkit-text-stroke-width: 0px; text-decoration-thickness: initial; text-decoration-style: initial; text-decoration-color: initial; word-spacing: 0px; margin: 0cm 0cm 19.5pt 0cm;\"><span style=\"font-size: 11.5pt; font-family: 'Verdana',sans-serif; color: #222222;\">A iniciativa tem como principal objetivo manter a cidade livre de epidemias, intensificando o trabalho preventivo e conscientizando a popula\u00e7\u00e3o sobre a import\u00e2ncia da colabora\u00e7\u00e3o coletiva no enfrentamento \u00e0 dengue.<\/span><\/p>\n<p>&nbsp;<\/p>\n<p style=\"background: white; margin: 0cm 0cm 19.5pt 0cm;\"><span style=\"font-size: 11.5pt; font-family: 'Verdana',sans-serif; color: #222222;\">Durante o mutir\u00e3o, agentes de endemias percorreram ruas do Oiteiro, realizando visitas domiciliares e entrando nas resid\u00eancias para identificar e eliminar poss\u00edveis criadouros do mosquito. Caixas d\u2019\u00e1gua destampadas, recipientes acumulando \u00e1gua, pneus, garrafas e outros objetos s\u00e3o vistoriados com aten\u00e7\u00e3o redobrada.<\/span><\/p>\n<figure id=\"attachment_36899\" aria-describedby=\"caption-attachment-36899\" style=\"width: 1600px\" class=\"wp-caption aligncenter\"><img loading=\"lazy\" decoding=\"async\" class=\"size-full wp-image-36899\" src=\"http:\/\/www.oparanews.com.br\/wp-content\/uploads\/2026\/03\/mutirao-comabte-dengue-equipe.avif\" alt=\"\" width=\"1600\" height=\"900\" srcset=\"https:\/\/www.oparanews.com.br\/wp-content\/uploads\/2026\/03\/mutirao-comabte-dengue-equipe.avif 1600w, https:\/\/www.oparanews.com.br\/wp-content\/uploads\/2026\/03\/mutirao-comabte-dengue-equipe-300x169.avif 300w, https:\/\/www.oparanews.com.br\/wp-content\/uploads\/2026\/03\/mutirao-comabte-dengue-equipe-1024x576.avif 1024w, https:\/\/www.oparanews.com.br\/wp-content\/uploads\/2026\/03\/mutirao-comabte-dengue-equipe-768x432.avif 768w, https:\/\/www.oparanews.com.br\/wp-content\/uploads\/2026\/03\/mutirao-comabte-dengue-equipe-1536x864.avif 1536w, https:\/\/www.oparanews.com.br\/wp-content\/uploads\/2026\/03\/mutirao-comabte-dengue-equipe-390x220.avif 390w\" sizes=\"auto, (max-width: 1600px) 100vw, 1600px\" \/><figcaption id=\"caption-attachment-36899\" class=\"wp-caption-text\">Gabriela Flores<\/figcaption><\/figure>\n<p>&nbsp;<\/p>\n<p style=\"background: white; box-sizing: border-box; overflow-wrap: break-word; font-variant-ligatures: normal; font-variant-caps: normal; orphans: 2; text-align: start; widows: 2; -webkit-text-stroke-width: 0px; text-decoration-thickness: initial; text-decoration-style: initial; text-decoration-color: initial; word-spacing: 0px; margin: 0cm 0cm 19.5pt 0cm;\"><span style=\"font-size: 11.5pt; font-family: 'Verdana',sans-serif; color: #222222;\">Al\u00e9m do trabalho t\u00e9cnico dos agentes, a a\u00e7\u00e3o conta com o apoio das Secretarias de Meio Ambiente e de Servi\u00e7os P\u00fablicos, que disponibilizaram veiculo e pessoal para a retirada de entulhos e materiais que possam acumular \u00e1gua e se transformar em criadouros do mosquito.<\/span><\/p>\n<p>&nbsp;<\/p>\n<p style=\"background: white; box-sizing: border-box; overflow-wrap: break-word; font-variant-ligatures: normal; font-variant-caps: normal; orphans: 2; text-align: start; widows: 2; -webkit-text-stroke-width: 0px; text-decoration-thickness: initial; text-decoration-style: initial; text-decoration-color: initial; word-spacing: 0px; margin: 0cm 0cm 19.5pt 0cm;\"><span style=\"font-size: 11.5pt; font-family: 'Verdana',sans-serif; color: #222222;\">A gest\u00e3o municipal refor\u00e7a que o combate \u00e0 dengue \u00e9 uma responsabilidade compartilhada. Embora o poder p\u00fablico esteja intensificando as a\u00e7\u00f5es, \u00e9 fundamental que cada morador fa\u00e7a a sua parte, mantendo quintais limpos, evitando o ac\u00famulo de lixo e permitindo a entrada dos agentes devidamente identificados.<\/span><\/p>\n<p>&nbsp;<\/p>\n<p style=\"background: white; margin: 0cm 0cm 19.5pt 0cm;\"><span style=\"font-size: 11.5pt; font-family: 'Verdana',sans-serif; color: #222222;\">A agente de endemias F\u00e1tima Alexandre destacou a relev\u00e2ncia da mobiliza\u00e7\u00e3o e refor\u00e7ou o pedido de colabora\u00e7\u00e3o da comunidade.<\/span><\/p>\n<p>&nbsp;<\/p>\n<p style=\"background: white; box-sizing: border-box; overflow-wrap: break-word; font-variant-ligatures: normal; font-variant-caps: normal; orphans: 2; text-align: start; widows: 2; -webkit-text-stroke-width: 0px; text-decoration-thickness: initial; text-decoration-style: initial; text-decoration-color: initial; word-spacing: 0px; margin: 0cm 0cm 19.5pt 0cm;\"><strong style=\"box-sizing: border-box;\"><i><span style=\"font-size: 11.5pt; font-family: 'Verdana',sans-serif; color: #222222;\">\u201cNosso trabalho \u00e9 essencial para evitar que o mosquito se prolifere e cause doen\u00e7as. Muitas vezes o foco est\u00e1 dentro das resid\u00eancias, em pequenos recipientes que passam despercebidos. Por isso, \u00e9 muito importante que a popula\u00e7\u00e3o permita a entrada dos agentes, que est\u00e3o devidamente identificados. Estamos aqui para proteger a sa\u00fade de todos\u201d, afirmou.<\/span><\/i><\/strong><\/p>\n<p>&nbsp;<\/p>\n<p style=\"background: white; box-sizing: border-box; overflow-wrap: break-word; font-variant-ligatures: normal; font-variant-caps: normal; orphans: 2; text-align: start; widows: 2; -webkit-text-stroke-width: 0px; text-decoration-thickness: initial; text-decoration-style: initial; text-decoration-color: initial; word-spacing: 0px; margin: 0cm 0cm 19.5pt 0cm;\"><span style=\"font-size: 11.5pt; font-family: 'Verdana',sans-serif; color: #222222;\">Com planejamento estrat\u00e9gico e participa\u00e7\u00e3o da popula\u00e7\u00e3o, a Prefeitura de Penedo segue firme no compromisso de proteger a sa\u00fade dos penedenses e prevenir novos casos da doen\u00e7a no munic\u00edpio.<\/span><\/p>\n<p>&nbsp;<\/p>\n<p style=\"background: white; box-sizing: border-box; overflow-wrap: break-word; font-variant-ligatures: normal; font-variant-caps: normal; orphans: 2; text-align: start; widows: 2; -webkit-text-stroke-width: 0px; text-decoration-thickness: initial; text-decoration-style: initial; text-decoration-color: initial; word-spacing: 0px; margin: 0cm 0cm 19.5pt 0cm;\"><strong style=\"box-sizing: border-box;\"><i><span style=\"font-size: 11.5pt; font-family: 'Verdana',sans-serif; color: #222222;\">\u201cEsse mutir\u00e3o faz parte de uma estrat\u00e9gia permanente da Secretaria de Sa\u00fade para intensificar o combate \u00e0 dengue em nosso munic\u00edpio. Estamos atuando de forma preventiva, com a\u00e7\u00f5es educativas, visitas domiciliares e retirada de poss\u00edveis criadouros. Mas \u00e9 fundamental lembrar que o combate \u00e0 dengue tamb\u00e9m depende da colabora\u00e7\u00e3o de cada morador. Quando o poder p\u00fablico e a popula\u00e7\u00e3o caminham juntos, conseguimos proteger ainda mais a sa\u00fade da nossa cidade\u201d, declarou a Secret\u00e1ria Municipal de Sa\u00fade, Waninna Mendon\u00e7a.<\/span><\/i><\/strong><\/p>\n<p>&nbsp;<\/p>\n<p>&nbsp;<\/p>\n<p>&nbsp;<\/p>\n<p style=\"background: white; box-sizing: border-box; overflow-wrap: break-word; font-variant-ligatures: normal; font-variant-caps: normal; orphans: 2; text-align: start; widows: 2; -webkit-text-stroke-width: 0px; text-decoration-thickness: initial; text-decoration-style: initial; text-decoration-color: initial; word-spacing: 0px; margin: 0cm 0cm 19.5pt 0cm;\"><strong style=\"box-sizing: border-box;\"><span style=\"font-size: 11.5pt; font-family: 'Verdana',sans-serif; color: #222222;\">Por Assessoria SMS<\/span><\/strong><\/p>\n<p>&nbsp;<\/p>\n","protected":false},"excerpt":{"rendered":"<p>Nesta quarta-feira, 04, a Prefeitura de Penedo, por meio da Secretaria Municipal de Sa\u00fade (SMS), realizou um mutir\u00e3o de combate \u00e0 dengue no Bairro Senhor do Bonfim, popular Oiteiro. &nbsp; A a\u00e7\u00e3o marca o come\u00e7o de uma s\u00e9rie de mobiliza\u00e7\u00f5es quinzenais que ser\u00e3o realizadas em localidades do munic\u00edpio, especialmente onde j\u00e1 foram identificados focos do &hellip;<\/p>\n","protected":false},"author":2,"featured_media":36899,"comment_status":"open","ping_status":"open","sticky":false,"template":"","format":"standard","meta":{"_jetpack_memberships_contains_paid_content":false,"footnotes":""},"categories":[1,3],"tags":[],"class_list":["post-36898","post","type-post","status-publish","format-standard","has-post-thumbnail","hentry","category-destaque","category-penedo"],"jetpack_featured_media_url":"https:\/\/www.oparanews.com.br\/wp-content\/uploads\/2026\/03\/mutirao-comabte-dengue-equipe.avif","jetpack_sharing_enabled":true,"_links":{"self":[{"href":"https:\/\/www.oparanews.com.br\/index.php\/wp-json\/wp\/v2\/posts\/36898","targetHints":{"allow":["GET"]}}],"collection":[{"href":"https:\/\/www.oparanews.com.br\/index.php\/wp-json\/wp\/v2\/posts"}],"about":[{"href":"https:\/\/www.oparanews.com.br\/index.php\/wp-json\/wp\/v2\/types\/post"}],"author":[{"embeddable":true,"href":"https:\/\/www.oparanews.com.br\/index.php\/wp-json\/wp\/v2\/users\/2"}],"replies":[{"embeddable":true,"href":"https:\/\/www.oparanews.com.br\/index.php\/wp-json\/wp\/v2\/comments?post=36898"}],"version-history":[{"count":1,"href":"https:\/\/www.oparanews.com.br\/index.php\/wp-json\/wp\/v2\/posts\/36898\/revisions"}],"predecessor-version":[{"id":36901,"href":"https:\/\/www.oparanews.com.br\/index.php\/wp-json\/wp\/v2\/posts\/36898\/revisions\/36901"}],"wp:featuredmedia":[{"embeddable":true,"href":"https:\/\/www.oparanews.com.br\/index.php\/wp-json\/wp\/v2\/media\/36899"}],"wp:attachment":[{"href":"https:\/\/www.oparanews.com.br\/index.php\/wp-json\/wp\/v2\/media?parent=36898"}],"wp:term":[{"taxonomy":"category","embeddable":true,"href":"https:\/\/www.oparanews.com.br\/index.php\/wp-json\/wp\/v2\/categories?post=36898"},{"taxonomy":"post_tag","embeddable":true,"href":"https:\/\/www.oparanews.com.br\/index.php\/wp-json\/wp\/v2\/tags?post=36898"}],"curies":[{"name":"wp","href":"https:\/\/api.w.org\/{rel}","templated":true}]}}