{"id":36912,"date":"2026-03-05T16:44:54","date_gmt":"2026-03-05T19:44:54","guid":{"rendered":"https:\/\/www.oparanews.com.br\/?p=36912"},"modified":"2026-03-05T16:45:29","modified_gmt":"2026-03-05T19:45:29","slug":"estudantes-da-escola-douglas-apratto-participam-de-aula-sobre-conscientizacao-ambiental-na-orla-de-penedo","status":"publish","type":"post","link":"https:\/\/www.oparanews.com.br\/index.php\/2026\/03\/05\/estudantes-da-escola-douglas-apratto-participam-de-aula-sobre-conscientizacao-ambiental-na-orla-de-penedo\/","title":{"rendered":"Estudantes da Escola Douglas Apratto participam de aula sobre conscientiza\u00e7\u00e3o ambiental na orla de Penedo"},"content":{"rendered":"<p style=\"background: white; margin: 0cm 0cm 19.5pt 0cm;\"><span style=\"font-size: 11.5pt; font-family: 'Verdana',sans-serif; color: #222222;\">O espa\u00e7o de aprendizado \u00e9 amplo, podendo ir al\u00e9m da sala de aula, ganhar novos ares e saberes. Assim, alunos do 6\u00ba, 7\u00ba e 8\u00ba anos da Escola Municipal de Educa\u00e7\u00e3o B\u00e1sica Douglas Apratto Ten\u00f3rio participaram de uma aula sobre conscientiza\u00e7\u00e3o ambiental, nesta quarta-feira (04), na orla do bairro Santo Ant\u00f4nio (Barro Vermelho).<\/span><\/p>\n<p style=\"background: white; box-sizing: border-box; overflow-wrap: break-word; font-variant-ligatures: normal; font-variant-caps: normal; orphans: 2; text-align: start; widows: 2; -webkit-text-stroke-width: 0px; text-decoration-thickness: initial; text-decoration-style: initial; text-decoration-color: initial; word-spacing: 0px; margin: 0cm 0cm 19.5pt 0cm;\"><span style=\"font-size: 11.5pt; font-family: 'Verdana',sans-serif; color: #222222;\">A iniciativa envolveu a Secretaria Municipal de Meio Ambiente e Recursos H\u00eddricos (Semarh), o Instituto do Meio Ambiente de Alagoas (IMA), com a APA da Marituba, e o Projeto Meros do Brasil.<\/span><\/p>\n<p style=\"background: white; box-sizing: border-box; overflow-wrap: break-word; font-variant-ligatures: normal; font-variant-caps: normal; orphans: 2; text-align: start; widows: 2; -webkit-text-stroke-width: 0px; text-decoration-thickness: initial; text-decoration-style: initial; text-decoration-color: initial; word-spacing: 0px; margin: 0cm 0cm 19.5pt 0cm;\"><em style=\"box-sizing: border-box;\"><b><span style=\"font-size: 11.5pt; font-family: 'Verdana',sans-serif; color: #222222;\">\u201cA atividade realizada foi um mutir\u00e3o de limpeza, al\u00e9m de um momento de conscientiza\u00e7\u00e3o com os alunos sobre o descarte incorreto de lixo. Foi feita uma coleta e foram contabilizados 26 quilos de res\u00edduos somente no trecho utilizado para banho. Essa atividade j\u00e1 est\u00e1 inserida na programa\u00e7\u00e3o do Dia Mundial da \u00c1gua. Depois realizamos uma triagem dos materiais recolhidos e notamos que parte deles poderia at\u00e9 ser reciclada. Foram 300 unidades de pl\u00e1stico. Por\u00e9m, pelo tempo em que estavam no local, sujos, com areia e tamb\u00e9m por conta do per\u00edodo de chuvas, n\u00e3o poderiam ser reaproveitados e tivemos que descart\u00e1-los. Ent\u00e3o, foi uma atividade de integra\u00e7\u00e3o entre os alunos e a tem\u00e1tica da reciclagem, para que possamos conscientizar sobre os danos causados pelo descarte irregular. A ideia \u00e9 que eles levem esse aprendizado para casa e compartilhem com os pais e familiares, j\u00e1 que a escola fica no bairro e muitos aproveitam a orla aos finais de semana\u201d, explicou Kamyly Tereza, gerente de Educa\u00e7\u00e3o Ambiental da Secretaria Municipal de Meio Ambiente e Recursos H\u00eddricos (Semarh).<\/span><\/b><\/em><\/p>\n<figure id=\"attachment_36913\" aria-describedby=\"caption-attachment-36913\" style=\"width: 2560px\" class=\"wp-caption aligncenter\"><img loading=\"lazy\" decoding=\"async\" class=\"size-full wp-image-36913\" src=\"http:\/\/www.oparanews.com.br\/wp-content\/uploads\/2026\/03\/IMG_6830-scaled-1.avif\" alt=\"\" width=\"2560\" height=\"1440\" srcset=\"https:\/\/www.oparanews.com.br\/wp-content\/uploads\/2026\/03\/IMG_6830-scaled-1.avif 2560w, https:\/\/www.oparanews.com.br\/wp-content\/uploads\/2026\/03\/IMG_6830-scaled-1-300x169.avif 300w, https:\/\/www.oparanews.com.br\/wp-content\/uploads\/2026\/03\/IMG_6830-scaled-1-1024x576.avif 1024w, https:\/\/www.oparanews.com.br\/wp-content\/uploads\/2026\/03\/IMG_6830-scaled-1-768x432.avif 768w, https:\/\/www.oparanews.com.br\/wp-content\/uploads\/2026\/03\/IMG_6830-scaled-1-1536x864.avif 1536w, https:\/\/www.oparanews.com.br\/wp-content\/uploads\/2026\/03\/IMG_6830-scaled-1-2048x1152.avif 2048w, https:\/\/www.oparanews.com.br\/wp-content\/uploads\/2026\/03\/IMG_6830-scaled-1-390x220.avif 390w\" sizes=\"auto, (max-width: 2560px) 100vw, 2560px\" \/><figcaption id=\"caption-attachment-36913\" class=\"wp-caption-text\">Daniel Floriano<\/figcaption><\/figure>\n<p style=\"background: white; margin: 0cm 0cm 19.5pt 0cm;\"><span style=\"font-size: 11.5pt; font-family: 'Verdana',sans-serif; color: #222222;\">A a\u00e7\u00e3o refor\u00e7a a import\u00e2ncia da educa\u00e7\u00e3o ambiental, da preserva\u00e7\u00e3o e do trabalho coletivo para proteger os recursos naturais e construir um futuro mais sustent\u00e1vel. A atividade tamb\u00e9m marca simbolicamente os 38 anos de cria\u00e7\u00e3o da Unidade de Conserva\u00e7\u00e3o APA da Marituba.<\/span><\/p>\n<p style=\"background: white; box-sizing: border-box; overflow-wrap: break-word; font-variant-ligatures: normal; font-variant-caps: normal; orphans: 2; text-align: start; widows: 2; -webkit-text-stroke-width: 0px; text-decoration-thickness: initial; text-decoration-style: initial; text-decoration-color: initial; word-spacing: 0px; margin: 0cm 0cm 19.5pt 0cm;\"><span style=\"font-size: 11.5pt; font-family: 'Verdana',sans-serif; color: #222222;\">\u201cEssa atividade coletiva tamb\u00e9m \u00e9 uma comemora\u00e7\u00e3o pela cria\u00e7\u00e3o da Unidade de Conserva\u00e7\u00e3o APA da Marituba, que completa 38 anos. Queremos levar a conscientiza\u00e7\u00e3o ambiental aos alunos para que eles possam reproduzir tudo o que aprenderam hoje e, assim, contribuir para uma cidade cada vez mais limpa e sustent\u00e1vel\u201d, encerrou o gestor da APA da Marituba, Cleyton Silva.<\/span><\/p>\n<p style=\"background: white; box-sizing: border-box; overflow-wrap: break-word; font-variant-ligatures: normal; font-variant-caps: normal; orphans: 2; text-align: start; widows: 2; -webkit-text-stroke-width: 0px; text-decoration-thickness: initial; text-decoration-style: initial; text-decoration-color: initial; word-spacing: 0px; margin: 0cm 0cm 19.5pt 0cm;\"><strong style=\"box-sizing: border-box;\"><span style=\"font-size: 11.5pt; font-family: 'Verdana',sans-serif; color: #222222;\">\u00a0<\/span><\/strong><strong><span style=\"font-size: 11.5pt; font-family: 'Verdana',sans-serif; color: #222222;\">\u00a0<\/span><\/strong><\/p>\n<p>&nbsp;<\/p>\n<p style=\"background: white; margin: 0cm 0cm 19.5pt 0cm;\"><strong><span style=\"font-size: 11.5pt; font-family: 'Verdana',sans-serif; color: #222222;\">Por Roberto Miranda \u2013 jornalista Secom PMP<\/span><\/strong><\/p>\n","protected":false},"excerpt":{"rendered":"<p>O espa\u00e7o de aprendizado \u00e9 amplo, podendo ir al\u00e9m da sala de aula, ganhar novos ares e saberes. Assim, alunos do 6\u00ba, 7\u00ba e 8\u00ba anos da Escola Municipal de Educa\u00e7\u00e3o B\u00e1sica Douglas Apratto Ten\u00f3rio participaram de uma aula sobre conscientiza\u00e7\u00e3o ambiental, nesta quarta-feira (04), na orla do bairro Santo Ant\u00f4nio (Barro Vermelho). A iniciativa &hellip;<\/p>\n","protected":false},"author":2,"featured_media":36914,"comment_status":"open","ping_status":"open","sticky":false,"template":"","format":"standard","meta":{"_jetpack_memberships_contains_paid_content":false,"footnotes":""},"categories":[1,32],"tags":[],"class_list":["post-36912","post","type-post","status-publish","format-standard","has-post-thumbnail","hentry","category-destaque","category-noticias"],"jetpack_featured_media_url":"https:\/\/www.oparanews.com.br\/wp-content\/uploads\/2026\/03\/IMG_6804-1-scaled-1.avif","jetpack_sharing_enabled":true,"_links":{"self":[{"href":"https:\/\/www.oparanews.com.br\/index.php\/wp-json\/wp\/v2\/posts\/36912","targetHints":{"allow":["GET"]}}],"collection":[{"href":"https:\/\/www.oparanews.com.br\/index.php\/wp-json\/wp\/v2\/posts"}],"about":[{"href":"https:\/\/www.oparanews.com.br\/index.php\/wp-json\/wp\/v2\/types\/post"}],"author":[{"embeddable":true,"href":"https:\/\/www.oparanews.com.br\/index.php\/wp-json\/wp\/v2\/users\/2"}],"replies":[{"embeddable":true,"href":"https:\/\/www.oparanews.com.br\/index.php\/wp-json\/wp\/v2\/comments?post=36912"}],"version-history":[{"count":3,"href":"https:\/\/www.oparanews.com.br\/index.php\/wp-json\/wp\/v2\/posts\/36912\/revisions"}],"predecessor-version":[{"id":36917,"href":"https:\/\/www.oparanews.com.br\/index.php\/wp-json\/wp\/v2\/posts\/36912\/revisions\/36917"}],"wp:featuredmedia":[{"embeddable":true,"href":"https:\/\/www.oparanews.com.br\/index.php\/wp-json\/wp\/v2\/media\/36914"}],"wp:attachment":[{"href":"https:\/\/www.oparanews.com.br\/index.php\/wp-json\/wp\/v2\/media?parent=36912"}],"wp:term":[{"taxonomy":"category","embeddable":true,"href":"https:\/\/www.oparanews.com.br\/index.php\/wp-json\/wp\/v2\/categories?post=36912"},{"taxonomy":"post_tag","embeddable":true,"href":"https:\/\/www.oparanews.com.br\/index.php\/wp-json\/wp\/v2\/tags?post=36912"}],"curies":[{"name":"wp","href":"https:\/\/api.w.org\/{rel}","templated":true}]}}